{"id":17530,"date":"2025-11-27T01:59:26","date_gmt":"2025-11-27T01:59:26","guid":{"rendered":"https:\/\/infozamoraec.com\/?p=17530"},"modified":"2025-11-27T01:59:26","modified_gmt":"2025-11-27T01:59:26","slug":"noboa-oficializa-ceremonia-de-cambio-de-mando-en-las-ff-aa","status":"publish","type":"post","link":"https:\/\/infozamoraec.com\/index.php\/2025\/11\/27\/noboa-oficializa-ceremonia-de-cambio-de-mando-en-las-ff-aa\/","title":{"rendered":"Noboa oficializa ceremonia de cambio de mando en las FF.AA."},"content":{"rendered":"<p>El presidente de la Rep\u00fablica, Daniel Noboa, sisti\u00f3 a la ceremonia de cambio del alto mando del Ej\u00e9rcito, en Quito, este mi\u00e9rcoles, 26 de noviembre de 2025. Los cambios se dieron en el Jefe del Comando Conjunto de las Fuerzas Armadas, de los comandantes generales de las Fuerzas Terrestre, Naval y A\u00e9rea y al ascenso honor\u00edfico de los comandantes generales de Fuerzas.<\/p>\n<p>De eeste modo las nuevas autoridades militares son:<\/p>\n<p>General de Ej\u00e9rcito Henry Delgado Salvador, jefe del Comando Conjunto de Fuerzas Armadas<br \/>\nGeneral de Ej\u00e9rcito John Mi\u00f1o Razo, comandante General del Ej\u00e9rcito<br \/>\nVicealmirante Ricardo Unda Serrano, comandante General Armada del Ecuador<br \/>\nGeneral del Aire Byron Salazar Machuca, comandante General de la Fuerza A\u00e9rea<br \/>\nDurante la cereemonia, Noboa indic\u00f3 que \u00abLas tropas han demostrado algo m\u00e1s fuerte que cualquier amenaza, el esp\u00edritu de un pa\u00eds que no se rinde, que se mantiene firme. Hoy, m\u00e1s que nunca, el Ecuador necesita l\u00edderes que act\u00faen con firmeza frente al terrorismo y al narcotr\u00e1fico\u00bb.<\/p>\n<p>Tambi\u00e9n\u00a0<strong>llam\u00f3 a la empresa privada a que se sume aa esta iniciativa.<\/strong>\u00a0\u00abVamos a darle paz a los ecuatorianos.\u00a0<strong>Que quede en los libros de la Historia que cada uno de nosotros, cada uno de ustedes, luch\u00f3 por un mejor pa\u00eds<\/strong>\u00ab, expres\u00f3 el mandatario y a\u00f1adi\u00f3 que defender\u00e1 a las Fuerzas Armadas a toda costa \u00ab<strong>Cualquiera que ose atacar o menospreciar a las Fuerzas Armadas tendr\u00e1n que enfrentarse conmigo primero\u00bb<\/strong><\/p>\n<p>Este 26 de noviembre, antes de la ceremonia, el Mandatario se reuni\u00f3 con\u00a0Giovanni Melillo, procurador Nacional Antimafia y Antiterrorismo de Italia.<\/p>\n<p>Seg\u00fan inform\u00f3 la Presidencia, a trav\u00e9s de la plataforma X, la cita se dio \u201ccon el fin de fortalecer la cooperaci\u00f3n en seguridad en la lucha contra el crimen organizado transnacional y lavado de activos que lleva adelante Ecuador\u201d. (I)<\/p>\n","protected":false},"excerpt":{"rendered":"<p>El presidente de la Rep\u00fablica, Daniel Noboa, sisti\u00f3 a la ceremonia de cambio del alto mando del Ej\u00e9rcito, en Quito, este mi\u00e9rcoles, 26 de noviembre de 2025. Los cambios se dieron en el Jefe del Comando Conjunto de las Fuerzas Armadas, de los comandantes generales de las Fuerzas Terrestre, Naval y A\u00e9rea y al ascenso [&hellip;]<\/p>\n","protected":false},"author":1,"featured_media":17531,"comment_status":"open","ping_status":"open","sticky":false,"template":"","format":"standard","meta":{"footnotes":""},"categories":[12],"tags":[],"_links":{"self":[{"href":"https:\/\/infozamoraec.com\/index.php\/wp-json\/wp\/v2\/posts\/17530"}],"collection":[{"href":"https:\/\/infozamoraec.com\/index.php\/wp-json\/wp\/v2\/posts"}],"about":[{"href":"https:\/\/infozamoraec.com\/index.php\/wp-json\/wp\/v2\/types\/post"}],"author":[{"embeddable":true,"href":"https:\/\/infozamoraec.com\/index.php\/wp-json\/wp\/v2\/users\/1"}],"replies":[{"embeddable":true,"href":"https:\/\/infozamoraec.com\/index.php\/wp-json\/wp\/v2\/comments?post=17530"}],"version-history":[{"count":1,"href":"https:\/\/infozamoraec.com\/index.php\/wp-json\/wp\/v2\/posts\/17530\/revisions"}],"predecessor-version":[{"id":17532,"href":"https:\/\/infozamoraec.com\/index.php\/wp-json\/wp\/v2\/posts\/17530\/revisions\/17532"}],"wp:featuredmedia":[{"embeddable":true,"href":"https:\/\/infozamoraec.com\/index.php\/wp-json\/wp\/v2\/media\/17531"}],"wp:attachment":[{"href":"https:\/\/infozamoraec.com\/index.php\/wp-json\/wp\/v2\/media?parent=17530"}],"wp:term":[{"taxonomy":"category","embeddable":true,"href":"https:\/\/infozamoraec.com\/index.php\/wp-json\/wp\/v2\/categories?post=17530"},{"taxonomy":"post_tag","embeddable":true,"href":"https:\/\/infozamoraec.com\/index.php\/wp-json\/wp\/v2\/tags?post=17530"}],"curies":[{"name":"wp","href":"https:\/\/api.w.org\/{rel}","templated":true}]}}