{"id":17527,"date":"2025-11-27T01:55:16","date_gmt":"2025-11-27T01:55:16","guid":{"rendered":"https:\/\/infozamoraec.com\/?p=17527"},"modified":"2025-11-27T01:55:16","modified_gmt":"2025-11-27T01:55:16","slug":"nangaritza-celebro-38-anos-de-cantonizacion-con-desfile-civico-sesion-solemne-y-una-jornada-de-anuncios-para-su-desarrollo","status":"publish","type":"post","link":"https:\/\/infozamoraec.com\/index.php\/2025\/11\/27\/nangaritza-celebro-38-anos-de-cantonizacion-con-desfile-civico-sesion-solemne-y-una-jornada-de-anuncios-para-su-desarrollo\/","title":{"rendered":"Nangaritza celebr\u00f3 38 a\u00f1os de cantonizaci\u00f3n con desfile c\u00edvico, sesi\u00f3n solemne y una jornada de anuncios para su desarrollo"},"content":{"rendered":"<p data-start=\"129\" data-end=\"615\">El cant\u00f3n Nangaritza conmemor\u00f3 sus <strong data-start=\"204\" data-end=\"232\">38 a\u00f1os de cantonizaci\u00f3n<\/strong> con una agenda llena de civismo, cultura y anuncios sobre obras estrat\u00e9gicas para su crecimiento. Las actividades iniciaron con un <strong data-start=\"364\" data-end=\"382\">desfile c\u00edvico<\/strong> que reuni\u00f3 a autoridades locales, instituciones educativas, organizaciones sociales y a cientos de ciudadanos que celebraron con orgullo la historia y proyecci\u00f3n de este cant\u00f3n reconocido como el \u201c<strong data-start=\"580\" data-end=\"613\">Para\u00edso Ecol\u00f3gico del Ecuador<\/strong>\u201d.<\/p>\n<p data-start=\"617\" data-end=\"834\">Durante el desfile, los participantes rindieron homenaje al progreso del cant\u00f3n, destacando el compromiso de la comunidad con su identidad cultural y el respeto por la naturaleza que caracteriza a esta zona amaz\u00f3nica.<\/p>\n<h3 data-start=\"836\" data-end=\"881\">Autoridades resaltan obras en ejecuci\u00f3n<\/h3>\n<p data-start=\"882\" data-end=\"1414\">En el marco de la conmemoraci\u00f3n, el alcalde <strong data-start=\"926\" data-end=\"947\">Francisco Cordero<\/strong> destac\u00f3 el trabajo realizado por su administraci\u00f3n, especialmente el avance del <strong data-start=\"1028\" data-end=\"1077\">plan maestro de agua potable y alcantarillado<\/strong>, obra que permitir\u00e1 en el futuro la <strong data-start=\"1114\" data-end=\"1160\">regeneraci\u00f3n urbana del centro de Guayzimi<\/strong>.<br data-start=\"1161\" data-end=\"1164\" \/>Cordero tambi\u00e9n agradeci\u00f3 el apoyo del <strong data-start=\"1203\" data-end=\"1246\">Gobierno Provincial de Zamora Chinchipe<\/strong>, se\u00f1alando que la <strong data-start=\"1265\" data-end=\"1301\">v\u00eda asfaltada El Dorado\u2013Guayzimi<\/strong>, de 17 kil\u00f3metros, avanza de manera significativa y representa un impulso clave para la conectividad del cant\u00f3n.<\/p>\n<p data-start=\"1416\" data-end=\"1757\">Por su parte, la prefecta <strong data-start=\"1442\" data-end=\"1460\">Karla Re\u00e1tegui<\/strong> acompa\u00f1\u00f3 las celebraciones, anunciando que la Prefectura impulsa varios proyectos en beneficio del territorio. Durante la <strong data-start=\"1583\" data-end=\"1601\">sesi\u00f3n solemne<\/strong>, se firm\u00f3 un <strong data-start=\"1615\" data-end=\"1648\">convenio con el GAD Municipal<\/strong> para la <strong data-start=\"1657\" data-end=\"1707\">construcci\u00f3n del estadio de la parroquia Zurmi<\/strong>, con una inversi\u00f3n provincial de <strong data-start=\"1741\" data-end=\"1756\">USD 300.000<\/strong>.<\/p>\n<h3 data-start=\"1759\" data-end=\"1797\">Recursos para obras prioritarias<\/h3>\n<p data-start=\"1798\" data-end=\"2288\">Uno de los anuncios m\u00e1s destacados de la jornada fue la entrega de <strong data-start=\"1865\" data-end=\"1883\">USD 564.646,74<\/strong> al GAD Municipal de Nangaritza, por parte de <strong data-start=\"1929\" data-end=\"1949\">Oswaldo Valverde<\/strong>, delegado del presidente <strong data-start=\"1975\" data-end=\"1991\">Daniel Noboa<\/strong> ante el Consejo de Planificaci\u00f3n Amaz\u00f3nico. Los recursos, provenientes del <em data-start=\"2067\" data-end=\"2080\">fondo com\u00fan<\/em>, ser\u00e1n destinados a la <strong data-start=\"2104\" data-end=\"2209\">construcci\u00f3n del sistema de agua potable y alcantarillado sanitario para la comunidad Shuar de Shaime<\/strong>, una obra que mejorar\u00e1 de manera directa la calidad de vida de sus habitantes.<\/p>\n<h3 data-start=\"2290\" data-end=\"2353\">Cultura y emprendimiento en la Expo Feria Nangaritza 2025<\/h3>\n<p data-start=\"2354\" data-end=\"2653\">La celebraci\u00f3n\u00a0 previa se vivi\u00f3, este 25 de noviembre, en la <strong data-start=\"2385\" data-end=\"2419\">XII Expo Feria Nangaritza 2025<\/strong>, un espacio que reuni\u00f3 m\u00fasica, cultura y exposici\u00f3n productiva. El p\u00fablico disfrut\u00f3 de las presentaciones de <strong data-start=\"2529\" data-end=\"2586\">Meraya EC, Purik Dreams, Whiskisito y Margarita Lugue<\/strong>, adem\u00e1s del show de DJs locales e invitados que animaron la noche.<\/p>\n<p data-start=\"2655\" data-end=\"2849\">M\u00e1s de <strong data-start=\"2662\" data-end=\"2709\">130 reconocimientos e incentivos econ\u00f3micos<\/strong> fueron entregados por el alcalde Cordero a productores, emprendedores, artesanos y ciudadanos destacados por su aporte al desarrollo local.<\/p>\n<p data-start=\"2911\" data-end=\"3185\" data-is-last-node=\"\" data-is-only-node=\"\">\n","protected":false},"excerpt":{"rendered":"<p>El cant\u00f3n Nangaritza conmemor\u00f3 sus 38 a\u00f1os de cantonizaci\u00f3n con una agenda llena de civismo, cultura y anuncios sobre obras estrat\u00e9gicas para su crecimiento. Las actividades iniciaron con un desfile c\u00edvico que reuni\u00f3 a autoridades locales, instituciones educativas, organizaciones sociales y a cientos de ciudadanos que celebraron con orgullo la historia y proyecci\u00f3n de este [&hellip;]<\/p>\n","protected":false},"author":1,"featured_media":17528,"comment_status":"open","ping_status":"open","sticky":false,"template":"","format":"standard","meta":{"footnotes":""},"categories":[9],"tags":[],"_links":{"self":[{"href":"https:\/\/infozamoraec.com\/index.php\/wp-json\/wp\/v2\/posts\/17527"}],"collection":[{"href":"https:\/\/infozamoraec.com\/index.php\/wp-json\/wp\/v2\/posts"}],"about":[{"href":"https:\/\/infozamoraec.com\/index.php\/wp-json\/wp\/v2\/types\/post"}],"author":[{"embeddable":true,"href":"https:\/\/infozamoraec.com\/index.php\/wp-json\/wp\/v2\/users\/1"}],"replies":[{"embeddable":true,"href":"https:\/\/infozamoraec.com\/index.php\/wp-json\/wp\/v2\/comments?post=17527"}],"version-history":[{"count":1,"href":"https:\/\/infozamoraec.com\/index.php\/wp-json\/wp\/v2\/posts\/17527\/revisions"}],"predecessor-version":[{"id":17529,"href":"https:\/\/infozamoraec.com\/index.php\/wp-json\/wp\/v2\/posts\/17527\/revisions\/17529"}],"wp:featuredmedia":[{"embeddable":true,"href":"https:\/\/infozamoraec.com\/index.php\/wp-json\/wp\/v2\/media\/17528"}],"wp:attachment":[{"href":"https:\/\/infozamoraec.com\/index.php\/wp-json\/wp\/v2\/media?parent=17527"}],"wp:term":[{"taxonomy":"category","embeddable":true,"href":"https:\/\/infozamoraec.com\/index.php\/wp-json\/wp\/v2\/categories?post=17527"},{"taxonomy":"post_tag","embeddable":true,"href":"https:\/\/infozamoraec.com\/index.php\/wp-json\/wp\/v2\/tags?post=17527"}],"curies":[{"name":"wp","href":"https:\/\/api.w.org\/{rel}","templated":true}]}}