{"id":17516,"date":"2025-11-27T01:26:31","date_gmt":"2025-11-27T01:26:31","guid":{"rendered":"https:\/\/infozamoraec.com\/?p=17516"},"modified":"2025-11-27T01:26:31","modified_gmt":"2025-11-27T01:26:31","slug":"el-consejo-de-la-judicatura-conmemoro-el-25-de-noviembre-con-iniciativa-por-una-vida-sin-violencia","status":"publish","type":"post","link":"https:\/\/infozamoraec.com\/index.php\/2025\/11\/27\/el-consejo-de-la-judicatura-conmemoro-el-25-de-noviembre-con-iniciativa-por-una-vida-sin-violencia\/","title":{"rendered":"El Consejo de la Judicatura conmemor\u00f3 el 25 de noviembre con iniciativa  \u201cPor una vida sin violencia\u201d"},"content":{"rendered":"<p>&nbsp;<\/p>\n<p>La Direcci\u00f3n Provincial del Consejo de la Judicatura (CJ) de Zamora Chinchipe desarroll\u00f3 una jornada integral de sensibilizaci\u00f3n y formaci\u00f3n en el marco de la conmemoraci\u00f3n del 25 de noviembre el D\u00eda Internacional de la Eliminaci\u00f3n de la Violencia contra la Mujer, mediante la socializaci\u00f3n de la iniciativa \u201cPor una vida sin violencia\u201d.<\/p>\n<p>La acci\u00f3n se llev\u00f3 a cabo en espacios educativos de la provincia y cont\u00f3 con la participaci\u00f3n de los equipos t\u00e9cnicos (m\u00e9dicos, psic\u00f3logos y trabajadores sociales), Estos profesionales del CJ desarrollaron procesos formativos dirigidos a estudiantes del ciclo diversificado de cinco establecimientos educativos de Zamora Chinchipe.<\/p>\n<p>Los alumnos recibieron informaci\u00f3n sobre rutas de atenci\u00f3n, derechos de protecci\u00f3n, prevenci\u00f3n de la violencia y acompa\u00f1amiento institucional. Los equipos t\u00e9cnicos explicaron las etapas de intervenci\u00f3n, los canales para presentar denuncias, los protocolos para la evaluaci\u00f3n de riesgo, as\u00ed como los tiempos y requisitos para activar medidas de car\u00e1cter administrativa.<\/p>\n<p>La Directora Provincial del CJ de Zamora Chinchipe, Vilma Armijos, destac\u00f3 la importancia de estas jornadas como parte del compromiso institucional en la prevenci\u00f3n y el acompa\u00f1amiento a v\u00edctimas. Se\u00f1al\u00f3 que la erradicaci\u00f3n de la violencia no puede asumirse \u00fanicamente desde el \u00e1mbito judicial, sino que requiere procesos educativos, comunitarios y preventivos.<br \/>\n\u201cEsta capacitaci\u00f3n nos permite reforzar la prevenci\u00f3n y garantizar que nuestros estudiantes crezcan en entornos seguros, informados y libres de violencia\u201d, destac\u00f3 la l\u00edder de la Unidad Educativa Ismael Apolo, Blanca Quichimbo.<\/p>\n<p>Aproximadamente, 180 estudiantes participaron en las jornadas de capacitaci\u00f3n, fortaleciendo sus conocimientos sobre rutas de atenci\u00f3n, medidas de protecci\u00f3n y prevenci\u00f3n de la violencia de g\u00e9nero.<\/p>\n<p>La instituci\u00f3n judicial tambi\u00e9n form\u00f3 parte de iniciativas interinstitucionales como \u201cManos pintadas: Dejando huella por una vida libre de violencia\u201d y el Concurso de Obras de Teatro \u201cVivir sin miedo es mi derecho\u201d, espacios que promovieron la expresi\u00f3n art\u00edstica, el compromiso juvenil y la construcci\u00f3n de una cultura de respeto y protecci\u00f3n en esta provincia.<\/p>\n","protected":false},"excerpt":{"rendered":"<p>&nbsp; La Direcci\u00f3n Provincial del Consejo de la Judicatura (CJ) de Zamora Chinchipe desarroll\u00f3 una jornada integral de sensibilizaci\u00f3n y formaci\u00f3n en el marco de la conmemoraci\u00f3n del 25 de noviembre el D\u00eda Internacional de la Eliminaci\u00f3n de la Violencia contra la Mujer, mediante la socializaci\u00f3n de la iniciativa \u201cPor una vida sin violencia\u201d. La [&hellip;]<\/p>\n","protected":false},"author":1,"featured_media":17517,"comment_status":"open","ping_status":"open","sticky":false,"template":"","format":"standard","meta":{"footnotes":""},"categories":[9],"tags":[],"_links":{"self":[{"href":"https:\/\/infozamoraec.com\/index.php\/wp-json\/wp\/v2\/posts\/17516"}],"collection":[{"href":"https:\/\/infozamoraec.com\/index.php\/wp-json\/wp\/v2\/posts"}],"about":[{"href":"https:\/\/infozamoraec.com\/index.php\/wp-json\/wp\/v2\/types\/post"}],"author":[{"embeddable":true,"href":"https:\/\/infozamoraec.com\/index.php\/wp-json\/wp\/v2\/users\/1"}],"replies":[{"embeddable":true,"href":"https:\/\/infozamoraec.com\/index.php\/wp-json\/wp\/v2\/comments?post=17516"}],"version-history":[{"count":2,"href":"https:\/\/infozamoraec.com\/index.php\/wp-json\/wp\/v2\/posts\/17516\/revisions"}],"predecessor-version":[{"id":17519,"href":"https:\/\/infozamoraec.com\/index.php\/wp-json\/wp\/v2\/posts\/17516\/revisions\/17519"}],"wp:featuredmedia":[{"embeddable":true,"href":"https:\/\/infozamoraec.com\/index.php\/wp-json\/wp\/v2\/media\/17517"}],"wp:attachment":[{"href":"https:\/\/infozamoraec.com\/index.php\/wp-json\/wp\/v2\/media?parent=17516"}],"wp:term":[{"taxonomy":"category","embeddable":true,"href":"https:\/\/infozamoraec.com\/index.php\/wp-json\/wp\/v2\/categories?post=17516"},{"taxonomy":"post_tag","embeddable":true,"href":"https:\/\/infozamoraec.com\/index.php\/wp-json\/wp\/v2\/tags?post=17516"}],"curies":[{"name":"wp","href":"https:\/\/api.w.org\/{rel}","templated":true}]}}