{"id":17509,"date":"2025-11-26T02:06:29","date_gmt":"2025-11-26T02:06:29","guid":{"rendered":"https:\/\/infozamoraec.com\/?p=17509"},"modified":"2025-11-26T02:06:29","modified_gmt":"2025-11-26T02:06:29","slug":"israel-promete-mas-inversiones-en-argentina","status":"publish","type":"post","link":"https:\/\/infozamoraec.com\/index.php\/2025\/11\/26\/israel-promete-mas-inversiones-en-argentina\/","title":{"rendered":"Israel promete m\u00e1s inversiones en Argentina"},"content":{"rendered":"<p>El ministro de Relaciones Exteriores de Israel, Gideon Saar, anunci\u00f3 el martes (25.11.2025) en Buenos Aires que su pa\u00eds abrir\u00e1 el pr\u00f3ximo a\u00f1o una Agregadur\u00eda Econ\u00f3mica en Argentina, pa\u00eds donde espera que se incrementen las inversiones israel\u00edes.<\/p>\n<p>\u00abQueremos aumentar dr\u00e1sticamente nuestras inversiones en Argentina. Me complace anunciar la decisi\u00f3n de Israel de abrir una Agregadur\u00eda Econ\u00f3mica aqu\u00ed en Buenos Aires en 2026\u00bb, afirm\u00f3 Saar al inaugurar este martes el Foro Empresarial Israel-Argentina junto al canciller argentino, Pablo Quirno.<\/p>\n<p>Saar destac\u00f3 que la decisi\u00f3n de abrir esa oficina demuestra el \u00abcompromiso\u00bb de Israel de \u00abfortalecer\u00bb la \u00abalianza econ\u00f3mica\u00bb con Argentina.<\/p>\n<p>El canciller israel\u00ed, que este martes se reuni\u00f3 con el presidente argentino, Javier Milei, dijo que Israel tambi\u00e9n quiere \u00abimpulsar\u00bb sus importaciones desde Argentina.<\/p>\n<p>Saar lleg\u00f3 a Argentina con una comitiva empresarial que busca establecer nuevos negocios en los sectores de energ\u00eda, salud digital y ciberseguridad, entre otros.<\/p>\n<p>En su discurso, Saar asegur\u00f3 que Argentina e Israel son \u00abamigos verdaderos\u00bb y \u00absocios estrat\u00e9gicos\u00bb, con una relaci\u00f3n que \u00abno solo es especial, sino tambi\u00e9n extraordinaria\u00bb.<\/p>\n<p>\u00abArgentina ha apoyado firmemente a Israel en nuestros momentos m\u00e1s dif\u00edciles, durante los \u00faltimos dos a\u00f1os\u00bb, resalt\u00f3, en alusi\u00f3n al respaldo del Gobierno de Milei al del primer ministro Benjam\u00edn Netanyahu durante la guerra contra el grupo islamista palestino Ham\u00e1s en la Franja de Gaza.<\/p>\n<p>Saar afirm\u00f3 que Milei \u00abest\u00e1 abriendo el camino de Argentina hacia la grandeza\u00bb y dijo que apoya \u00abplenamente la reforma econ\u00f3mica estrat\u00e9gica que promueve\u00bb el mandatario argentino.<\/p>\n<p>\u00abLa reforma del presidente Milei es una de las m\u00e1s ambiciosas del mundo actual\u00bb, consider\u00f3 Saar, quien dijo \u00abque la econom\u00eda argentina est\u00e1 despegando\u00bb.<\/p>\n<p>El viaje del canciller representa la visita oficial israel\u00ed m\u00e1s importante desde la asunci\u00f3n de la Presidencia por parte de Milei en diciembre de 2023.<\/p>\n<p>gs (efe, La Naci\u00f3n)<\/p>\n","protected":false},"excerpt":{"rendered":"<p>El ministro de Relaciones Exteriores de Israel, Gideon Saar, anunci\u00f3 el martes (25.11.2025) en Buenos Aires que su pa\u00eds abrir\u00e1 el pr\u00f3ximo a\u00f1o una Agregadur\u00eda Econ\u00f3mica en Argentina, pa\u00eds donde espera que se incrementen las inversiones israel\u00edes. \u00abQueremos aumentar dr\u00e1sticamente nuestras inversiones en Argentina. Me complace anunciar la decisi\u00f3n de Israel de abrir una Agregadur\u00eda [&hellip;]<\/p>\n","protected":false},"author":1,"featured_media":17510,"comment_status":"open","ping_status":"open","sticky":false,"template":"","format":"standard","meta":{"footnotes":""},"categories":[8],"tags":[],"_links":{"self":[{"href":"https:\/\/infozamoraec.com\/index.php\/wp-json\/wp\/v2\/posts\/17509"}],"collection":[{"href":"https:\/\/infozamoraec.com\/index.php\/wp-json\/wp\/v2\/posts"}],"about":[{"href":"https:\/\/infozamoraec.com\/index.php\/wp-json\/wp\/v2\/types\/post"}],"author":[{"embeddable":true,"href":"https:\/\/infozamoraec.com\/index.php\/wp-json\/wp\/v2\/users\/1"}],"replies":[{"embeddable":true,"href":"https:\/\/infozamoraec.com\/index.php\/wp-json\/wp\/v2\/comments?post=17509"}],"version-history":[{"count":1,"href":"https:\/\/infozamoraec.com\/index.php\/wp-json\/wp\/v2\/posts\/17509\/revisions"}],"predecessor-version":[{"id":17511,"href":"https:\/\/infozamoraec.com\/index.php\/wp-json\/wp\/v2\/posts\/17509\/revisions\/17511"}],"wp:featuredmedia":[{"embeddable":true,"href":"https:\/\/infozamoraec.com\/index.php\/wp-json\/wp\/v2\/media\/17510"}],"wp:attachment":[{"href":"https:\/\/infozamoraec.com\/index.php\/wp-json\/wp\/v2\/media?parent=17509"}],"wp:term":[{"taxonomy":"category","embeddable":true,"href":"https:\/\/infozamoraec.com\/index.php\/wp-json\/wp\/v2\/categories?post=17509"},{"taxonomy":"post_tag","embeddable":true,"href":"https:\/\/infozamoraec.com\/index.php\/wp-json\/wp\/v2\/tags?post=17509"}],"curies":[{"name":"wp","href":"https:\/\/api.w.org\/{rel}","templated":true}]}}