{"id":17490,"date":"2025-11-26T01:48:45","date_gmt":"2025-11-26T01:48:45","guid":{"rendered":"https:\/\/infozamoraec.com\/?p=17490"},"modified":"2025-11-26T01:48:45","modified_gmt":"2025-11-26T01:48:45","slug":"neira-dice-que-viaje-de-noboa-a-ee-uu-fue-para-afianzar-convenios-en-seguridad-y-comercio","status":"publish","type":"post","link":"https:\/\/infozamoraec.com\/index.php\/2025\/11\/26\/neira-dice-que-viaje-de-noboa-a-ee-uu-fue-para-afianzar-convenios-en-seguridad-y-comercio\/","title":{"rendered":"Neira dice que viaje de Noboa a EE.UU. fue para afianzar convenios en seguridad y comercio"},"content":{"rendered":"<p>El viaje de la semana pasada del presidente de Ecuador, Daniel Noboa, por tres d\u00edas a Estados Unidos, y cuya finalidad y motivos no se especificaron p\u00fablicamente, tuvo car\u00e1cter de \u00abconfidencial\u00bb, asegur\u00f3 el secretario General de Integridad P\u00fablica, Jos\u00e9 Julio Neira.<\/p>\n<p>\u00abEstados Unidos es un socio estrat\u00e9gico de Ecuador, no solo para lo comercial, pero tambi\u00e9n para la seguridad. El Presidente ten\u00eda que realizar ese viaje para tener reuniones y su agenda obviamente fue categorizada confidencial\u00bb, dijo anoche en el programa \u2018De Lunes a Lunes\u2019.<\/p>\n<p>El funcionario subray\u00f3 que \u00abson viajes para estrechar esas relaciones comerciales y de seguridad\u00bb.<\/p>\n<p>\u00abNosotros tenemos una guerra interna, un conflicto armado interno con el crimen organizado y \u00bfqui\u00e9n se beneficia (de) que Ecuador tenga m\u00e1s seguridad?, nuestros socios estrat\u00e9gicos\u00bb, dijo al referirse a la declaratoria de \u2018conflicto armado interno\u2019 hecha por Noboa en enero de 2024 para combatir a las bandas criminales, a las que pas\u00f3 a llamar \u00abterroristas\u00bb.<\/p>\n<p>Noboa viaj\u00f3 a Estados Unidos despu\u00e9s del rev\u00e9s que sufri\u00f3 el 16 de noviembre en las urnas, en las que venci\u00f3 el \u2018No\u2019 en un refer\u00e9ndum y consulta popular sobre cuatro preguntas, una de ellas relacionada con la posibilidad del retorno de bases militares extranjeras a territorio ecuatoriano para apoyar en la lucha contra la inseguridad.<\/p>\n<p>Estados Unidos, que entre 1999 y 2009 tuvo una base militar en Manta (Ecuador), analizaba posibles sitios donde operar nuevamente si ganaba el \u2018S\u00ed\u2019 en esa pregunta.<\/p>\n<p>El decreto en el que Noboa anunciaba que viajar\u00eda a EE.UU., entre el 18 y 20 de noviembre no detallaba el prop\u00f3sito del desplazamiento y desde la Presidencia tambi\u00e9n hubo silencio a los pedidos de periodistas de informaci\u00f3n sobre la agenda que cumplir\u00eda el jefe de Estado.<\/p>\n<p>Noboa viaj\u00f3 a bordo del avi\u00f3n presidencial de Ecuador, desde Quito al aeropuerto de Teterboro, ubicado a 20 kil\u00f3metros de Manhattan, el mismo desde donde retorn\u00f3 en la noche del pasado jueves.<\/p>\n<p>Durante su estancia en Estados Unidos, emiti\u00f3 dos decretos que fueron firmados en Washington el mi\u00e9rcoles y en Nueva York el jueves, este \u00faltimo para designar como ministra de Gobierno a la asamble\u00edsta oficialista Nataly Morillo, tras la renuncia a asumir el cargo del radiodifusor \u00c1lvaro Rosero.<\/p>\n<p>Nacido en 1987 en Miami (Estados Unidos), Noboa ha viajado por unas trece ocasiones al pa\u00eds norteamericano desde que fue elegido presidente por primera vez en 2023, tanto para asuntos oficiales como para personales, como cuando su tercer hijo naci\u00f3 a inicios de 2024 tambi\u00e9n en Miami. EFE<\/p>\n","protected":false},"excerpt":{"rendered":"<p>El viaje de la semana pasada del presidente de Ecuador, Daniel Noboa, por tres d\u00edas a Estados Unidos, y cuya finalidad y motivos no se especificaron p\u00fablicamente, tuvo car\u00e1cter de \u00abconfidencial\u00bb, asegur\u00f3 el secretario General de Integridad P\u00fablica, Jos\u00e9 Julio Neira. \u00abEstados Unidos es un socio estrat\u00e9gico de Ecuador, no solo para lo comercial, pero [&hellip;]<\/p>\n","protected":false},"author":1,"featured_media":17491,"comment_status":"open","ping_status":"open","sticky":false,"template":"","format":"standard","meta":{"footnotes":""},"categories":[12],"tags":[],"_links":{"self":[{"href":"https:\/\/infozamoraec.com\/index.php\/wp-json\/wp\/v2\/posts\/17490"}],"collection":[{"href":"https:\/\/infozamoraec.com\/index.php\/wp-json\/wp\/v2\/posts"}],"about":[{"href":"https:\/\/infozamoraec.com\/index.php\/wp-json\/wp\/v2\/types\/post"}],"author":[{"embeddable":true,"href":"https:\/\/infozamoraec.com\/index.php\/wp-json\/wp\/v2\/users\/1"}],"replies":[{"embeddable":true,"href":"https:\/\/infozamoraec.com\/index.php\/wp-json\/wp\/v2\/comments?post=17490"}],"version-history":[{"count":2,"href":"https:\/\/infozamoraec.com\/index.php\/wp-json\/wp\/v2\/posts\/17490\/revisions"}],"predecessor-version":[{"id":17493,"href":"https:\/\/infozamoraec.com\/index.php\/wp-json\/wp\/v2\/posts\/17490\/revisions\/17493"}],"wp:featuredmedia":[{"embeddable":true,"href":"https:\/\/infozamoraec.com\/index.php\/wp-json\/wp\/v2\/media\/17491"}],"wp:attachment":[{"href":"https:\/\/infozamoraec.com\/index.php\/wp-json\/wp\/v2\/media?parent=17490"}],"wp:term":[{"taxonomy":"category","embeddable":true,"href":"https:\/\/infozamoraec.com\/index.php\/wp-json\/wp\/v2\/categories?post=17490"},{"taxonomy":"post_tag","embeddable":true,"href":"https:\/\/infozamoraec.com\/index.php\/wp-json\/wp\/v2\/tags?post=17490"}],"curies":[{"name":"wp","href":"https:\/\/api.w.org\/{rel}","templated":true}]}}