{"id":17487,"date":"2025-11-26T01:32:25","date_gmt":"2025-11-26T01:32:25","guid":{"rendered":"https:\/\/infozamoraec.com\/?p=17487"},"modified":"2025-11-26T01:32:25","modified_gmt":"2025-11-26T01:32:25","slug":"reunion-entre-adn-y-el-correismo-no-prospero-por-condiciones-de-la-rc","status":"publish","type":"post","link":"https:\/\/infozamoraec.com\/index.php\/2025\/11\/26\/reunion-entre-adn-y-el-correismo-no-prospero-por-condiciones-de-la-rc\/","title":{"rendered":"Reuni\u00f3n entre ADN y el corre\u00edsmo no prosper\u00f3 por condiciones de la RC"},"content":{"rendered":"<p>Hab\u00eda espectativa en el Legislativo por una reuni\u00f3n entre el corre\u00edsmo y la bancada oficialista. Sin embargo, una exigencia puso en pausa el acercamiento. Tanto el presidente de la Asamblea, Niels Olsen (ADN) como , Juan Andr\u00e9s Gonz\u00e1lez, jefe de la bancada de la RRC ya no se reunir\u00e1n; al menos no este 25 de noviembre.<\/p>\n<p>La raz\u00f3n por la cual se suspendi\u00f3 la reuni\u00f3n fue por la exigencia de que el corre\u00edsmo tenga representaci\u00f3n en el Consejo de Administraci\u00f3n Legislativa (CAL). Est lo declar\u00f3 p\u00fablicamente Gonz\u00e1lez. Por otro lado, el corre\u00edsmo buscaba la vicepresidencia de la comisi\u00f3n de Fiscalizaci\u00f3n tras la salida de Nathaly Murillo quien es Ministra de Gobierno.<\/p>\n<p>Pues el oficialismo nombr\u00f3 a la asamble\u00edsta de ADN Ana Bel\u00e9n Tapia como vicepresidenta.<\/p>\n<p>En primera instancia, el encuentro hab\u00eda sido acordado para tratar los proyectos de ley que tanto ADN como el corre\u00edsmo quer\u00edan priorizar. Pero eso quedar\u00e1 en pausa.<\/p>\n<p>La legisladora Jeaneth Bustos (RC) fue quien plante\u00f3 el reclamo: \u201cNo tengo nada contra ella (Tapia). La ley no se cumple ni en el CAL, que no est\u00e1 en equidad con los movimientos pol\u00edticos y ah\u00ed no tiene (corre\u00edsmo) representaci\u00f3n. Las comisiones deber\u00edan ser democr\u00e1ticas\u201d.<\/p>\n<p>De su lado ADN indic\u00f3 que el corre\u00edsmo s\u00ed tiene representaci\u00f3n en el CAL y que el movimiento de Gobierno no es culpable de la salida de M\u00f3nica Salazar de esa tienda pol\u00edtica. \u00abRecl\u00e1menle a M\u00f3nica Salazar\u00bb, esboz\u00f3, Ferdinand \u00c1lvarez a Jeaneth Bustos tras un ligero cruce de palabras. (I)<\/p>\n","protected":false},"excerpt":{"rendered":"<p>Hab\u00eda espectativa en el Legislativo por una reuni\u00f3n entre el corre\u00edsmo y la bancada oficialista. Sin embargo, una exigencia puso en pausa el acercamiento. Tanto el presidente de la Asamblea, Niels Olsen (ADN) como , Juan Andr\u00e9s Gonz\u00e1lez, jefe de la bancada de la RRC ya no se reunir\u00e1n; al menos no este 25 de [&hellip;]<\/p>\n","protected":false},"author":1,"featured_media":17488,"comment_status":"open","ping_status":"open","sticky":false,"template":"","format":"standard","meta":{"footnotes":""},"categories":[12],"tags":[],"_links":{"self":[{"href":"https:\/\/infozamoraec.com\/index.php\/wp-json\/wp\/v2\/posts\/17487"}],"collection":[{"href":"https:\/\/infozamoraec.com\/index.php\/wp-json\/wp\/v2\/posts"}],"about":[{"href":"https:\/\/infozamoraec.com\/index.php\/wp-json\/wp\/v2\/types\/post"}],"author":[{"embeddable":true,"href":"https:\/\/infozamoraec.com\/index.php\/wp-json\/wp\/v2\/users\/1"}],"replies":[{"embeddable":true,"href":"https:\/\/infozamoraec.com\/index.php\/wp-json\/wp\/v2\/comments?post=17487"}],"version-history":[{"count":1,"href":"https:\/\/infozamoraec.com\/index.php\/wp-json\/wp\/v2\/posts\/17487\/revisions"}],"predecessor-version":[{"id":17489,"href":"https:\/\/infozamoraec.com\/index.php\/wp-json\/wp\/v2\/posts\/17487\/revisions\/17489"}],"wp:featuredmedia":[{"embeddable":true,"href":"https:\/\/infozamoraec.com\/index.php\/wp-json\/wp\/v2\/media\/17488"}],"wp:attachment":[{"href":"https:\/\/infozamoraec.com\/index.php\/wp-json\/wp\/v2\/media?parent=17487"}],"wp:term":[{"taxonomy":"category","embeddable":true,"href":"https:\/\/infozamoraec.com\/index.php\/wp-json\/wp\/v2\/categories?post=17487"},{"taxonomy":"post_tag","embeddable":true,"href":"https:\/\/infozamoraec.com\/index.php\/wp-json\/wp\/v2\/tags?post=17487"}],"curies":[{"name":"wp","href":"https:\/\/api.w.org\/{rel}","templated":true}]}}