{"id":17483,"date":"2025-11-26T01:26:36","date_gmt":"2025-11-26T01:26:36","guid":{"rendered":"https:\/\/infozamoraec.com\/?p=17483"},"modified":"2025-11-26T01:26:36","modified_gmt":"2025-11-26T01:26:36","slug":"agrocalidad-clausura-de-manera-indefinida-el-centro-de-faenamiento-municipal-de-zamora-por-incumplimientos-tecnicos","status":"publish","type":"post","link":"https:\/\/infozamoraec.com\/index.php\/2025\/11\/26\/agrocalidad-clausura-de-manera-indefinida-el-centro-de-faenamiento-municipal-de-zamora-por-incumplimientos-tecnicos\/","title":{"rendered":"Agrocalidad clausura de manera indefinida el Centro de Faenamiento Municipal de Zamora por incumplimientos t\u00e9cnicos"},"content":{"rendered":"<p data-start=\"121\" data-end=\"505\">La Agencia de Regulaci\u00f3n y Control Fito y Zoosanitario (Agrocalidad) ejecut\u00f3 este lunes la clausura indefinida del Centro de Faenamiento Municipal del cant\u00f3n Zamora, tras detectar m\u00faltiples inobservancias\u00a0 t\u00e9cnicas en sus instalaciones. La medida permanecer\u00e1 vigente hasta que el Municipio cumpla con los correctivos exigidos por la entidad de control.<\/p>\n<p data-start=\"507\" data-end=\"699\">El cierre ha generado preocupaci\u00f3n entre productores, comerciantes y usuarios que dependen diariamente del funcionamiento de esta planta para garantizar el abastecimiento c\u00e1rnico en la ciudad.<\/p>\n<p data-start=\"701\" data-end=\"1121\">En entrevista con <em data-start=\"719\" data-end=\"731\">InfoZamora<\/em>, la concejal <strong data-start=\"745\" data-end=\"763\">Ximena Monta\u00f1o<\/strong> confirm\u00f3 las malas condiciones en las que operaba el centro. Detall\u00f3 que exist\u00eda acumulaci\u00f3n de desechos como v\u00edsceras, pieles y restos de animales, situaci\u00f3n que habr\u00eda provocado la proliferaci\u00f3n de moscas, roedores y aves de rapi\u00f1a. \u201cEra evidente el abandono y la falta de un manejo adecuado de los residuos. Esto pone en riesgo la salud\u201d, se\u00f1al\u00f3.<\/p>\n<p data-start=\"1123\" data-end=\"1547\">Por su parte, el concejal <strong data-start=\"1149\" data-end=\"1169\">Santiago Cabrera, en radio La Zeta, <\/strong>record\u00f3 que esta es la <strong data-start=\"1193\" data-end=\"1234\">segunda clausura en menos de dos a\u00f1os<\/strong>, lo que \u2014a su criterio\u2014 evidencia falta de eficiencia en la administraci\u00f3n del centro. Cuestion\u00f3 el trabajo de la Direcci\u00f3n de Gesti\u00f3n Ambiental, \u00e1rea encargada de su funcionamiento. \u00abYa hubo advertencias anteriores y no se corrigi\u00f3 a tiempo\u201d, afirm\u00f3.<\/p>\n<p data-start=\"1549\" data-end=\"2052\">En declaraciones al medio digital, RecTv,\u00a0 el alcalde de Zamora, Manuel Gonz\u00e1lez,\u00a0 inform\u00f3 que el Municipio inici\u00f3 un proceso contractual por un monto que supera los <strong data-start=\"1690\" data-end=\"1708\">70 mil d\u00f3lares<\/strong>, con el objetivo de atender las observaciones establecidas por Agrocalidad. Sin embargo, la concejal Monta\u00f1o critic\u00f3 esta medida e indic\u00f3 que las falencias fueron se\u00f1aladas desde 2023, sin que se ejecutaran acciones oportunas. \u201cLas intervenciones llegan tarde. Se actu\u00f3 solo despu\u00e9s de insistencias del organismo de control\u201d, cuestion\u00f3.<\/p>\n<p data-start=\"2054\" data-end=\"2328\" data-is-last-node=\"\" data-is-only-node=\"\">La ciudadan\u00eda espera un pronunciamiento oficial por parte de las autoridades municipales sobre los pasos a seguir para subsanar las deficiencias y garantizar la continuidad del servicio, considerado indispensable para el sector productivo y para la salud p\u00fablica del cant\u00f3n.<\/p>\n","protected":false},"excerpt":{"rendered":"<p>La Agencia de Regulaci\u00f3n y Control Fito y Zoosanitario (Agrocalidad) ejecut\u00f3 este lunes la clausura indefinida del Centro de Faenamiento Municipal del cant\u00f3n Zamora, tras detectar m\u00faltiples inobservancias\u00a0 t\u00e9cnicas en sus instalaciones. La medida permanecer\u00e1 vigente hasta que el Municipio cumpla con los correctivos exigidos por la entidad de control. El cierre ha generado preocupaci\u00f3n [&hellip;]<\/p>\n","protected":false},"author":1,"featured_media":17484,"comment_status":"open","ping_status":"open","sticky":false,"template":"","format":"standard","meta":{"footnotes":""},"categories":[9],"tags":[],"_links":{"self":[{"href":"https:\/\/infozamoraec.com\/index.php\/wp-json\/wp\/v2\/posts\/17483"}],"collection":[{"href":"https:\/\/infozamoraec.com\/index.php\/wp-json\/wp\/v2\/posts"}],"about":[{"href":"https:\/\/infozamoraec.com\/index.php\/wp-json\/wp\/v2\/types\/post"}],"author":[{"embeddable":true,"href":"https:\/\/infozamoraec.com\/index.php\/wp-json\/wp\/v2\/users\/1"}],"replies":[{"embeddable":true,"href":"https:\/\/infozamoraec.com\/index.php\/wp-json\/wp\/v2\/comments?post=17483"}],"version-history":[{"count":2,"href":"https:\/\/infozamoraec.com\/index.php\/wp-json\/wp\/v2\/posts\/17483\/revisions"}],"predecessor-version":[{"id":17486,"href":"https:\/\/infozamoraec.com\/index.php\/wp-json\/wp\/v2\/posts\/17483\/revisions\/17486"}],"wp:featuredmedia":[{"embeddable":true,"href":"https:\/\/infozamoraec.com\/index.php\/wp-json\/wp\/v2\/media\/17484"}],"wp:attachment":[{"href":"https:\/\/infozamoraec.com\/index.php\/wp-json\/wp\/v2\/media?parent=17483"}],"wp:term":[{"taxonomy":"category","embeddable":true,"href":"https:\/\/infozamoraec.com\/index.php\/wp-json\/wp\/v2\/categories?post=17483"},{"taxonomy":"post_tag","embeddable":true,"href":"https:\/\/infozamoraec.com\/index.php\/wp-json\/wp\/v2\/tags?post=17483"}],"curies":[{"name":"wp","href":"https:\/\/api.w.org\/{rel}","templated":true}]}}