{"id":17476,"date":"2025-11-26T01:08:15","date_gmt":"2025-11-26T01:08:15","guid":{"rendered":"https:\/\/infozamoraec.com\/?p=17476"},"modified":"2025-11-26T01:08:15","modified_gmt":"2025-11-26T01:08:15","slug":"ciclo-de-conferencias-vivenciales-conmemoro-el-dia-internacional-de-la-no-violencia-contra-la-mujer-en-el-pangui","status":"publish","type":"post","link":"https:\/\/infozamoraec.com\/index.php\/2025\/11\/26\/ciclo-de-conferencias-vivenciales-conmemoro-el-dia-internacional-de-la-no-violencia-contra-la-mujer-en-el-pangui\/","title":{"rendered":"Ciclo de Conferencias Vivenciales conmemor\u00f3 el D\u00eda Internacional de la No Violencia contra la Mujer en El Pangui"},"content":{"rendered":"<p>El Pangui desarroll\u00f3 este martes 25 de noviembre un Ciclo de Conferencias Vivenciales en conmemoraci\u00f3n del D\u00eda Internacional de la No Violencia contra la Mujer, espacio destinado a la reflexi\u00f3n, el aprendizaje y la promoci\u00f3n de una vida libre de violencias. La jornada reuni\u00f3 a mujeres l\u00edderes cuyas experiencias y conocimientos aportaron a la construcci\u00f3n de mensajes de empoderamiento, igualdad y transformaci\u00f3n social.<\/p>\n<p>El evento cont\u00f3 con la participaci\u00f3n de destacadas ponentes:<\/p>\n<p>Jhuliana Guam\u00e1n, con la conferencia \u201cEl camino para volver a ti\u201d.<\/p>\n<p>Guissella Requena, con \u201cSanando a trav\u00e9s del arte\u201d.<\/p>\n<p>Melania Criollo, con \u201cLa fuerza de liderar, transformar y crear\u201d.<\/p>\n<p>Erika Poma, con \u201cDe la supervivencia a la libertad\u201d.<\/p>\n<p>A trav\u00e9s de sus testimonios y reflexiones, las expositoras invitaron a cuestionar patrones de violencia, reconocer la fuerza personal y colectiva de las mujeres, y promover espacios seguros donde la voz femenina sea escuchada y respetada.<\/p>\n<p>Las autoridades se\u00f1alaron que estas acciones buscan reafirmar el compromiso del cant\u00f3n con la igualdad de derechos y con la generaci\u00f3n de iniciativas que impulsen la prevenci\u00f3n, atenci\u00f3n y erradicaci\u00f3n de la violencia contra mujeres, ni\u00f1as y adolescentes.<\/p>\n<p>El ciclo form\u00f3 parte de una iniciativa del Gobierno Municipal de El Pangui, impulsada desde la Vicealcald\u00eda y el Concejo Cantonal de Protecci\u00f3n de Derechos, que contin\u00faa desarrollando actividades orientadas a fortalecer la conciencia ciudadana y el acompa\u00f1amiento institucional en torno a esta problem\u00e1tica social.<\/p>\n","protected":false},"excerpt":{"rendered":"<p>El Pangui desarroll\u00f3 este martes 25 de noviembre un Ciclo de Conferencias Vivenciales en conmemoraci\u00f3n del D\u00eda Internacional de la No Violencia contra la Mujer, espacio destinado a la reflexi\u00f3n, el aprendizaje y la promoci\u00f3n de una vida libre de violencias. La jornada reuni\u00f3 a mujeres l\u00edderes cuyas experiencias y conocimientos aportaron a la construcci\u00f3n [&hellip;]<\/p>\n","protected":false},"author":1,"featured_media":17477,"comment_status":"open","ping_status":"open","sticky":false,"template":"","format":"standard","meta":{"footnotes":""},"categories":[9],"tags":[],"_links":{"self":[{"href":"https:\/\/infozamoraec.com\/index.php\/wp-json\/wp\/v2\/posts\/17476"}],"collection":[{"href":"https:\/\/infozamoraec.com\/index.php\/wp-json\/wp\/v2\/posts"}],"about":[{"href":"https:\/\/infozamoraec.com\/index.php\/wp-json\/wp\/v2\/types\/post"}],"author":[{"embeddable":true,"href":"https:\/\/infozamoraec.com\/index.php\/wp-json\/wp\/v2\/users\/1"}],"replies":[{"embeddable":true,"href":"https:\/\/infozamoraec.com\/index.php\/wp-json\/wp\/v2\/comments?post=17476"}],"version-history":[{"count":1,"href":"https:\/\/infozamoraec.com\/index.php\/wp-json\/wp\/v2\/posts\/17476\/revisions"}],"predecessor-version":[{"id":17478,"href":"https:\/\/infozamoraec.com\/index.php\/wp-json\/wp\/v2\/posts\/17476\/revisions\/17478"}],"wp:featuredmedia":[{"embeddable":true,"href":"https:\/\/infozamoraec.com\/index.php\/wp-json\/wp\/v2\/media\/17477"}],"wp:attachment":[{"href":"https:\/\/infozamoraec.com\/index.php\/wp-json\/wp\/v2\/media?parent=17476"}],"wp:term":[{"taxonomy":"category","embeddable":true,"href":"https:\/\/infozamoraec.com\/index.php\/wp-json\/wp\/v2\/categories?post=17476"},{"taxonomy":"post_tag","embeddable":true,"href":"https:\/\/infozamoraec.com\/index.php\/wp-json\/wp\/v2\/tags?post=17476"}],"curies":[{"name":"wp","href":"https:\/\/api.w.org\/{rel}","templated":true}]}}