{"id":17459,"date":"2025-11-25T02:02:00","date_gmt":"2025-11-25T02:02:00","guid":{"rendered":"https:\/\/infozamoraec.com\/?p=17459"},"modified":"2025-11-25T02:02:00","modified_gmt":"2025-11-25T02:02:00","slug":"atentado-contra-vivienda-de-director-de-la-carcel-de-turi-policia-realiza-indagaciones","status":"publish","type":"post","link":"https:\/\/infozamoraec.com\/index.php\/2025\/11\/25\/atentado-contra-vivienda-de-director-de-la-carcel-de-turi-policia-realiza-indagaciones\/","title":{"rendered":"Atentado contra vivienda de director de la c\u00e1rcel de Turi: Polic\u00eda realiza indagaciones"},"content":{"rendered":"<p>El director del Centro de Rehabilitaci\u00f3n Social (CRS) Turi, en Azuay, permanece bajo resguardo policial permanente luego de sufrir una amenaza durante el fin de semana pasado, inform\u00f3 el gobernador del Azuay, Xavier Berm\u00fadez.<\/p>\n<p>El incidente se produjo contra una vivienda cercana a la suya, donde desconocidos dispararon e instalaron objetos intimidantes, una acci\u00f3n que las autoridades vinculan posiblemente a los recientes traslados de presos de alta peligrosidad hacia esta prisi\u00f3n.<\/p>\n<p>La gravedad del ataque oblig\u00f3 a las autoridades a tomar medidas inmediatas para garantizar la seguridad del funcionario.<\/p>\n<p>El domingo 23 de noviembre, un grupo de al menos quince personas, que se movilizaban en cuatro motocicletas, dispar\u00f3 contra la puerta de una vivienda y dej\u00f3 objetos amenazantes en el lugar.<\/p>\n<p>Testigos reportaron la llegada y huida de los implicados durante la madrugada, lo que gener\u00f3 alarma entre los residentes del sector que colinda con la residencia del director.<\/p>\n<p>En la escena, los peritos de Criminal\u00edstica hallaron diversos indicios que confirmaron la naturaleza de la amenaza. Entre los elementos levantados se encontraron dos envolturas cil\u00edndricas de color rojo, presuntamente tacos de dinamita, junto a fragmentos de balas y otros objetos.<\/p>\n<p>La evidencia m\u00e1s directa sobre la amenaza la conformaron: volantes con amenazas expl\u00edcitas dirigidas al director, una fotograf\u00eda impresa del titular del CRS-Turi, un arreglo floral y un oso de peluche al que le cortaron la cabeza.<\/p>\n<p>Ante estos hallazgos, el gobernador Berm\u00fadez, se pronunci\u00f3 sobre el caso y se\u00f1al\u00f3 que las autoridades ya identifican a quienes est\u00e1n generando este tipo de actos, asegurando que las investigaciones conducir\u00e1n a los responsables.<\/p>\n<p>De hecho, el funcionario no descart\u00f3 que este ataque con explosivos y disparos est\u00e9 vinculado a recientes traslados de reos. Espec\u00edficamente, se investiga la relaci\u00f3n entre el atentado y la movilizaci\u00f3n de presos de la c\u00e1rcel de Machala hacia el CRS Turi, acci\u00f3n que, hist\u00f3ricamente, genera malestar en las estructuras criminales.<\/p>\n<p>El personal de Criminal\u00edstica levant\u00f3 los indicios necesarios para determinar las causas del percance y la autor\u00eda de los implicados.<\/p>\n<p>Berm\u00fadez indic\u00f3 que ya tienen una l\u00ednea investigativa definida, no obstante, afirm\u00f3 que no puede adelantar m\u00e1s criterios sobre el caso. Concluy\u00f3 que, sin el informe oficial de Criminal\u00edstica y la documentaci\u00f3n de las investigaciones, mantendr\u00e1 la reserva de la informaci\u00f3n.<\/p>\n","protected":false},"excerpt":{"rendered":"<p>El director del Centro de Rehabilitaci\u00f3n Social (CRS) Turi, en Azuay, permanece bajo resguardo policial permanente luego de sufrir una amenaza durante el fin de semana pasado, inform\u00f3 el gobernador del Azuay, Xavier Berm\u00fadez. El incidente se produjo contra una vivienda cercana a la suya, donde desconocidos dispararon e instalaron objetos intimidantes, una acci\u00f3n que [&hellip;]<\/p>\n","protected":false},"author":1,"featured_media":17460,"comment_status":"open","ping_status":"open","sticky":false,"template":"","format":"standard","meta":{"footnotes":""},"categories":[12],"tags":[],"_links":{"self":[{"href":"https:\/\/infozamoraec.com\/index.php\/wp-json\/wp\/v2\/posts\/17459"}],"collection":[{"href":"https:\/\/infozamoraec.com\/index.php\/wp-json\/wp\/v2\/posts"}],"about":[{"href":"https:\/\/infozamoraec.com\/index.php\/wp-json\/wp\/v2\/types\/post"}],"author":[{"embeddable":true,"href":"https:\/\/infozamoraec.com\/index.php\/wp-json\/wp\/v2\/users\/1"}],"replies":[{"embeddable":true,"href":"https:\/\/infozamoraec.com\/index.php\/wp-json\/wp\/v2\/comments?post=17459"}],"version-history":[{"count":1,"href":"https:\/\/infozamoraec.com\/index.php\/wp-json\/wp\/v2\/posts\/17459\/revisions"}],"predecessor-version":[{"id":17461,"href":"https:\/\/infozamoraec.com\/index.php\/wp-json\/wp\/v2\/posts\/17459\/revisions\/17461"}],"wp:featuredmedia":[{"embeddable":true,"href":"https:\/\/infozamoraec.com\/index.php\/wp-json\/wp\/v2\/media\/17460"}],"wp:attachment":[{"href":"https:\/\/infozamoraec.com\/index.php\/wp-json\/wp\/v2\/media?parent=17459"}],"wp:term":[{"taxonomy":"category","embeddable":true,"href":"https:\/\/infozamoraec.com\/index.php\/wp-json\/wp\/v2\/categories?post=17459"},{"taxonomy":"post_tag","embeddable":true,"href":"https:\/\/infozamoraec.com\/index.php\/wp-json\/wp\/v2\/tags?post=17459"}],"curies":[{"name":"wp","href":"https:\/\/api.w.org\/{rel}","templated":true}]}}