{"id":17453,"date":"2025-11-25T01:57:35","date_gmt":"2025-11-25T01:57:35","guid":{"rendered":"https:\/\/infozamoraec.com\/?p=17453"},"modified":"2025-11-25T02:00:29","modified_gmt":"2025-11-25T02:00:29","slug":"amanda-villavicencio-va-a-carondelet-y-pide-apoyo-a-noboa-mediante-una-carta","status":"publish","type":"post","link":"https:\/\/infozamoraec.com\/index.php\/2025\/11\/25\/amanda-villavicencio-va-a-carondelet-y-pide-apoyo-a-noboa-mediante-una-carta\/","title":{"rendered":"Amanda Villavicencio va a Carondelet y pide apoyo a Noboa mediante una carta"},"content":{"rendered":"<p>Amanda y Tamia Villavicencio, hijas del excandidato presidencial Fernando Villavicencio, asesinado el 9 de agosto de 2023 acudieron esta tarde al Palacio de Carondelet para entregar una carta al presidente Daniel Noboa.<\/p>\n<p>\u00abInvitamos al presidente Daniel Noboa a tomar una decisi\u00f3n hist\u00f3rica. Encabezar un acuerdo \u00e9tico nacional, un pacto amplio y valiente para depurar al Estado de la narcopol\u00edtica, venga de donde venga, cueste lo que cueste\u00bb.<\/p>\n<p>En su ep\u00edstola que fue le\u00edda ante los medios de comunicaci\u00f3n a las afueras de la Casa de Gobierno, tambi\u00e9n cuestionaron que criminales, sentenciados, pr\u00f3fugos y gente de la mafia pretenden dar clases de moral y \u00e9tica en Ecuador. Ellas precisaron que estos personajes \u00abson los mismos que entregaron al pa\u00eds al narcotr\u00e1fico, pero no lo permitiremos porque la patria merece dignidad\u00bb, dice la misiva.<\/p>\n<p>Hablaron de que aquello no es una luucha partidista, pues la prioridad es la supervivencia del Estado.<\/p>\n<p>\u201cEstamos convencidas de que, mientras el asesinato de nuestro padre permanezca en la impunidad, el pa\u00eds no podr\u00e1 sanar. Este crimen no fue solo un atentado contra un hombre; fue una pu\u00f1alada al coraz\u00f3n del tejido social y pol\u00edtico del Ecuador\u201d, escriben.<\/p>\n<p>\u00abSi el crimen queda impune, Ecuador habr\u00e1 llegado a su fin, porque si se asesina a un candidato presidencial a plena luz del d\u00eda y no pasa nada, estamos dando un mensaje claro a las mafias. Estamos diciendo que cualquiera que levante la voz puede ser asesinado\u00bb, insisti\u00f3.<\/p>\n<p>Por otro lado, las hermanas Villavicencio indicaron que \u00abel corre\u00edsmo ha adquirido el arte de mantenderse en el poder, aunque no ha estado algunos a\u00f1os\u00bb. Y advirti\u00f3 que \u00absi no se detiene esta influencia, ellos volver\u00e1n con violencia y no van a dejar el poder de una forma democr\u00e1tica\u00bb.<\/p>\n","protected":false},"excerpt":{"rendered":"<p>Amanda y Tamia Villavicencio, hijas del excandidato presidencial Fernando Villavicencio, asesinado el 9 de agosto de 2023 acudieron esta tarde al Palacio de Carondelet para entregar una carta al presidente Daniel Noboa. \u00abInvitamos al presidente Daniel Noboa a tomar una decisi\u00f3n hist\u00f3rica. Encabezar un acuerdo \u00e9tico nacional, un pacto amplio y valiente para depurar al [&hellip;]<\/p>\n","protected":false},"author":1,"featured_media":17454,"comment_status":"open","ping_status":"open","sticky":false,"template":"","format":"standard","meta":{"footnotes":""},"categories":[12],"tags":[],"_links":{"self":[{"href":"https:\/\/infozamoraec.com\/index.php\/wp-json\/wp\/v2\/posts\/17453"}],"collection":[{"href":"https:\/\/infozamoraec.com\/index.php\/wp-json\/wp\/v2\/posts"}],"about":[{"href":"https:\/\/infozamoraec.com\/index.php\/wp-json\/wp\/v2\/types\/post"}],"author":[{"embeddable":true,"href":"https:\/\/infozamoraec.com\/index.php\/wp-json\/wp\/v2\/users\/1"}],"replies":[{"embeddable":true,"href":"https:\/\/infozamoraec.com\/index.php\/wp-json\/wp\/v2\/comments?post=17453"}],"version-history":[{"count":1,"href":"https:\/\/infozamoraec.com\/index.php\/wp-json\/wp\/v2\/posts\/17453\/revisions"}],"predecessor-version":[{"id":17455,"href":"https:\/\/infozamoraec.com\/index.php\/wp-json\/wp\/v2\/posts\/17453\/revisions\/17455"}],"wp:featuredmedia":[{"embeddable":true,"href":"https:\/\/infozamoraec.com\/index.php\/wp-json\/wp\/v2\/media\/17454"}],"wp:attachment":[{"href":"https:\/\/infozamoraec.com\/index.php\/wp-json\/wp\/v2\/media?parent=17453"}],"wp:term":[{"taxonomy":"category","embeddable":true,"href":"https:\/\/infozamoraec.com\/index.php\/wp-json\/wp\/v2\/categories?post=17453"},{"taxonomy":"post_tag","embeddable":true,"href":"https:\/\/infozamoraec.com\/index.php\/wp-json\/wp\/v2\/tags?post=17453"}],"curies":[{"name":"wp","href":"https:\/\/api.w.org\/{rel}","templated":true}]}}