{"id":17450,"date":"2025-11-25T01:56:05","date_gmt":"2025-11-25T01:56:05","guid":{"rendered":"https:\/\/infozamoraec.com\/?p=17450"},"modified":"2025-11-25T01:56:05","modified_gmt":"2025-11-25T01:56:05","slug":"noboa-reaparece-tras-derrota-en-el-referendum-destacando-cifras-de-su-gobierno","status":"publish","type":"post","link":"https:\/\/infozamoraec.com\/index.php\/2025\/11\/25\/noboa-reaparece-tras-derrota-en-el-referendum-destacando-cifras-de-su-gobierno\/","title":{"rendered":"Noboa reaparece tras derrota en el refer\u00e9ndum destacando cifras de su Gobierno"},"content":{"rendered":"<p>El presidente de Ecuador, Daniel Noboa, destac\u00f3 este domingo la bajada del indicador riesgo pa\u00eds desde los 1.915 puntos que marcaba el 23 de noviembre de 2023 a los 677 de hoy, cuando cumple dos a\u00f1os en el poder.<\/p>\n<p>El riesgo pa\u00eds es un \u00edndice que mide la confianza de los inversionistas en un pa\u00eds acerca de su capacidad para pagar sus deudas. Mientras m\u00e1s alto es, m\u00e1s dudas hay sobre la estabilidad econ\u00f3mica y pol\u00edtica de esa naci\u00f3n; mientras m\u00e1s bajo, m\u00e1s confianza genera en los mercados internacionales.<\/p>\n<p>Igualmente, Noboa se\u00f1al\u00f3 que la inflaci\u00f3n anual en noviembre de 2023 se ubicaba en el 1,93 % y en el mismo mes de este a\u00f1o fue del 1,24 %, mientras la pobreza pas\u00f3 de un 27 % a un 24 % en el mismo lapso.<\/p>\n<p>El jefe de Estado tambi\u00e9n se\u00f1al\u00f3 que las reservas internacionales totalizaban 5.658 millones de d\u00f3lares cuando asumi\u00f3 el poder, mientras que este mes llegaron a 9.406 millones de d\u00f3lares, en tanto que los dep\u00f3sitos bancarios pasaron de 44.945 millones de d\u00f3lares a 58.357 millones de d\u00f3lares hoy.<\/p>\n<p>En su cuenta de la red social X, Noboa agreg\u00f3 que la desnutrici\u00f3n cr\u00f3nica infantil cay\u00f3 del 20,1 % en noviembre de 2023 al 19,3 este mes.<\/p>\n<p>Sobre la migraci\u00f3n irregular en la zona del Darien, el mandatario apunt\u00f3 que las cifras estaban en 57.520 personas cuando asumi\u00f3 el poder, n\u00famero que cay\u00f3 a 119, este noviembre.<\/p>\n<p>Noboa resalta los resultados de su gesti\u00f3n<br \/>\nNoboa subray\u00f3 que el barril de petr\u00f3leo -producto del que depende gran parte de la econom\u00eda del pa\u00eds-, estuvo en los 77,37 d\u00f3lares hace dos a\u00f1os, frente a los 63,63 d\u00f3lares de ahora.<\/p>\n<p>\u00abAs\u00ed es c\u00f3mo recibimos el pa\u00eds en noviembre de 2023 y c\u00f3mo hemos logrado que est\u00e9 hoy. Este es un Gobierno, un presidente, que no descansar\u00e1 hasta que en el pa\u00eds haya justicia y dignidad para todos los ecuatorianos\u00bb, escribi\u00f3.<\/p>\n<p>Y agreg\u00f3: \u00abEste fue nuestro compromiso desde el primer d\u00eda que pisamos esta oficina y lo seguir\u00e1 siendo hasta el d\u00eda en que les entregue el pa\u00eds que les promet\u00ed\u00bb, finaliz\u00f3 Noboa, quien ha recibido duras cr\u00edticas en ciertos aspectos de su gesti\u00f3n, especialmente, por la prolongada crisis en el sistema sanitario.<\/p>\n<p>Noboa, que en noviembre de 2023 asumi\u00f3 en mandato para completar el periodo de Gobierno de Guillerno Lasso (2021-2025), fue reelecto en los comicios de este a\u00f1o para gobernar hasta 2029. EFE<\/p>\n","protected":false},"excerpt":{"rendered":"<p>El presidente de Ecuador, Daniel Noboa, destac\u00f3 este domingo la bajada del indicador riesgo pa\u00eds desde los 1.915 puntos que marcaba el 23 de noviembre de 2023 a los 677 de hoy, cuando cumple dos a\u00f1os en el poder. El riesgo pa\u00eds es un \u00edndice que mide la confianza de los inversionistas en un pa\u00eds [&hellip;]<\/p>\n","protected":false},"author":1,"featured_media":17451,"comment_status":"open","ping_status":"open","sticky":false,"template":"","format":"standard","meta":{"footnotes":""},"categories":[12],"tags":[],"_links":{"self":[{"href":"https:\/\/infozamoraec.com\/index.php\/wp-json\/wp\/v2\/posts\/17450"}],"collection":[{"href":"https:\/\/infozamoraec.com\/index.php\/wp-json\/wp\/v2\/posts"}],"about":[{"href":"https:\/\/infozamoraec.com\/index.php\/wp-json\/wp\/v2\/types\/post"}],"author":[{"embeddable":true,"href":"https:\/\/infozamoraec.com\/index.php\/wp-json\/wp\/v2\/users\/1"}],"replies":[{"embeddable":true,"href":"https:\/\/infozamoraec.com\/index.php\/wp-json\/wp\/v2\/comments?post=17450"}],"version-history":[{"count":1,"href":"https:\/\/infozamoraec.com\/index.php\/wp-json\/wp\/v2\/posts\/17450\/revisions"}],"predecessor-version":[{"id":17452,"href":"https:\/\/infozamoraec.com\/index.php\/wp-json\/wp\/v2\/posts\/17450\/revisions\/17452"}],"wp:featuredmedia":[{"embeddable":true,"href":"https:\/\/infozamoraec.com\/index.php\/wp-json\/wp\/v2\/media\/17451"}],"wp:attachment":[{"href":"https:\/\/infozamoraec.com\/index.php\/wp-json\/wp\/v2\/media?parent=17450"}],"wp:term":[{"taxonomy":"category","embeddable":true,"href":"https:\/\/infozamoraec.com\/index.php\/wp-json\/wp\/v2\/categories?post=17450"},{"taxonomy":"post_tag","embeddable":true,"href":"https:\/\/infozamoraec.com\/index.php\/wp-json\/wp\/v2\/tags?post=17450"}],"curies":[{"name":"wp","href":"https:\/\/api.w.org\/{rel}","templated":true}]}}