{"id":17443,"date":"2025-11-25T01:44:56","date_gmt":"2025-11-25T01:44:56","guid":{"rendered":"https:\/\/infozamoraec.com\/?p=17443"},"modified":"2025-11-25T01:44:56","modified_gmt":"2025-11-25T01:44:56","slug":"zamora-conmemoro-el-dia-internacional-de-la-eliminacion-de-la-violencia-contra-la-mujer-con-actos-civicos-y-actividades-de-sensibilizacion","status":"publish","type":"post","link":"https:\/\/infozamoraec.com\/index.php\/2025\/11\/25\/zamora-conmemoro-el-dia-internacional-de-la-eliminacion-de-la-violencia-contra-la-mujer-con-actos-civicos-y-actividades-de-sensibilizacion\/","title":{"rendered":"Zamora conmemor\u00f3 el D\u00eda Internacional de la Eliminaci\u00f3n de la Violencia contra la Mujer con actos c\u00edvicos y actividades de sensibilizaci\u00f3n"},"content":{"rendered":"<p>Desde las 08:30 de la ma\u00f1ana de este lunes 24 de noviembre de 2025, el Parque Central de Zamora fue escenario de un emotivo acto c\u00edvico en el marco de los 16 d\u00edas de activismo por la eliminaci\u00f3n de la violencia contra la mujer. Pese a la lluvia, autoridades parroquiales, cantonales y provinciales participaron para reafirmar su compromiso con la defensa de los derechos de las mujeres y la construcci\u00f3n de una sociedad libre de violencia.<\/p>\n<p>El evento incluy\u00f3 intervenciones institucionales, mensajes de reflexi\u00f3n y espacios de concienciaci\u00f3n, donde la ciudadan\u00eda se sum\u00f3 para visibilizar una problem\u00e1tica que contin\u00faa siendo urgente y prioritaria en el pa\u00eds y el mundo.<\/p>\n<p>Durante la actividad, Franz Regalado, concejal y delegado del alcalde Manuel Gonz\u00e1lez, destac\u00f3 la necesidad de fortalecer acciones conjuntas que impulsen una vida libre de violencia para todas las mujeres. A la jornada asistieron adem\u00e1s la vicealcaldesa Blanca Carri\u00f3n, los concejales Santiago Cabrera y Ximena Monta\u00f1o, junto a delegados de instituciones p\u00fablicas, privadas y comunidades educativas.<\/p>\n<p>Como parte de la jornada, tambi\u00e9n se desarroll\u00f3 la actividad <strong>\u201cManos Pintadas: Porque vivir sin miedo es mi derecho\u201d<\/strong>, realizada en el pasaje San Francisco. En este espacio participaron autoridades locales, delegaciones educativas y representantes de diferentes instituciones. Cada persona estamp\u00f3 la huella de su mano en un mural colectivo, s\u00edmbolo de unidad, esperanza y compromiso en la lucha contra todo tipo de violencia.<\/p>\n<p>Las autoridades coincidieron en que estos espacios permiten sensibilizar y promover una cultura de respeto, solidaridad y no violencia, reafirmando el compromiso del cant\u00f3n Zamora con la defensa de los derechos humanos y la igualdad.<\/p>\n","protected":false},"excerpt":{"rendered":"<p>Desde las 08:30 de la ma\u00f1ana de este lunes 24 de noviembre de 2025, el Parque Central de Zamora fue escenario de un emotivo acto c\u00edvico en el marco de los 16 d\u00edas de activismo por la eliminaci\u00f3n de la violencia contra la mujer. Pese a la lluvia, autoridades parroquiales, cantonales y provinciales participaron para [&hellip;]<\/p>\n","protected":false},"author":1,"featured_media":17444,"comment_status":"open","ping_status":"open","sticky":false,"template":"","format":"standard","meta":{"footnotes":""},"categories":[9],"tags":[],"_links":{"self":[{"href":"https:\/\/infozamoraec.com\/index.php\/wp-json\/wp\/v2\/posts\/17443"}],"collection":[{"href":"https:\/\/infozamoraec.com\/index.php\/wp-json\/wp\/v2\/posts"}],"about":[{"href":"https:\/\/infozamoraec.com\/index.php\/wp-json\/wp\/v2\/types\/post"}],"author":[{"embeddable":true,"href":"https:\/\/infozamoraec.com\/index.php\/wp-json\/wp\/v2\/users\/1"}],"replies":[{"embeddable":true,"href":"https:\/\/infozamoraec.com\/index.php\/wp-json\/wp\/v2\/comments?post=17443"}],"version-history":[{"count":2,"href":"https:\/\/infozamoraec.com\/index.php\/wp-json\/wp\/v2\/posts\/17443\/revisions"}],"predecessor-version":[{"id":17446,"href":"https:\/\/infozamoraec.com\/index.php\/wp-json\/wp\/v2\/posts\/17443\/revisions\/17446"}],"wp:featuredmedia":[{"embeddable":true,"href":"https:\/\/infozamoraec.com\/index.php\/wp-json\/wp\/v2\/media\/17444"}],"wp:attachment":[{"href":"https:\/\/infozamoraec.com\/index.php\/wp-json\/wp\/v2\/media?parent=17443"}],"wp:term":[{"taxonomy":"category","embeddable":true,"href":"https:\/\/infozamoraec.com\/index.php\/wp-json\/wp\/v2\/categories?post=17443"},{"taxonomy":"post_tag","embeddable":true,"href":"https:\/\/infozamoraec.com\/index.php\/wp-json\/wp\/v2\/tags?post=17443"}],"curies":[{"name":"wp","href":"https:\/\/api.w.org\/{rel}","templated":true}]}}