{"id":17429,"date":"2025-11-21T23:14:27","date_gmt":"2025-11-21T23:14:27","guid":{"rendered":"https:\/\/infozamoraec.com\/?p=17429"},"modified":"2025-11-21T23:14:40","modified_gmt":"2025-11-21T23:14:40","slug":"peru-ordena-captura-de-ex-primera-ministra-betssy-chavez","status":"publish","type":"post","link":"https:\/\/infozamoraec.com\/index.php\/2025\/11\/21\/peru-ordena-captura-de-ex-primera-ministra-betssy-chavez\/","title":{"rendered":"Per\u00fa ordena captura de ex primera ministra Betssy Ch\u00e1vez"},"content":{"rendered":"<p>El Poder Judicial de Per\u00fa emiti\u00f3 el viernes (21.11.2025) una orden de captura internacional y dict\u00f3 cinco meses de prisi\u00f3n preventiva contra la ex primera ministra Betssy Ch\u00e1vez, procesada por intento de golpe de Estado y actualmente refugiada en la embajada de M\u00e9xico en Lima.<\/p>\n<p>\u00abSe resuelve dictar prisi\u00f3n preventiva por plazo de cinco meses contra la acusada Betssy Ch\u00e1vez Chino y los oficios de ubicaci\u00f3n y captura a nivel nacional e internacional respecto la acusada\u00bb, indic\u00f3 el Poder Judicial.<\/p>\n<p>El juez Juan Carlos Checkley argument\u00f3 en la resoluci\u00f3n que el peligro de fuga es \u00abpalpable\u00bb, as\u00ed como el riesgo de \u00abfrustraci\u00f3n\u00bb del juicio oral.<\/p>\n<p>La Fiscal\u00eda Suprema Anticorrupci\u00f3n se\u00f1al\u00f3 de su lado que consigui\u00f3 la prisi\u00f3n preventiva para Ch\u00e1vez \u00abpor el delito de rebeli\u00f3n y alternativamente conspiraci\u00f3n, en agravio del Estado\u00bb.<\/p>\n<p>Ch\u00e1vez, juzgada desde marzo de 2025, enfrenta una pena de 25 a\u00f1os de prisi\u00f3n. Se encuentra desde hace 18 d\u00edas en la residencia de la embajada de M\u00e9xico en Lima a la espera de un salvoconducto para salir del pa\u00eds.<\/p>\n<p>Seg\u00fan la prensa peruana, la representaci\u00f3n diplom\u00e1tica de M\u00e9xico reforz\u00f3 su seguridad en las \u00faltimas horas.<\/p>\n<p>Per\u00fa rompi\u00f3 relaciones diplom\u00e1ticas con M\u00e9xico por considerar que el asilo otorgado a Ch\u00e1vez constituye una injerencia en sus asuntos internos. La ex primera ministra enfrenta cargos por presuntamente haber participado en el intento de golpe de Estado del expresidente Pedro Castillo en diciembre de 2022.<\/p>\n<p>El gobierno peruano anunci\u00f3 el 7 de noviembre su intenci\u00f3n de solicitar una revisi\u00f3n a las normas sobre el asilo diplom\u00e1tico en la regi\u00f3n despu\u00e9s de que M\u00e9xico otorgara su protecci\u00f3n a Ch\u00e1vez.<\/p>\n<p>Las relaciones entre ambos pa\u00edses se deterioraron tras la destituci\u00f3n de Castillo, cuando M\u00e9xico otorg\u00f3 asilo a la esposa y dos hijos del exmandatario. Desde entonces, ambos gobiernos han retirado a sus embajadores.<\/p>\n<p>gs (afp, efe)<\/p>\n<p>&nbsp;<\/p>\n","protected":false},"excerpt":{"rendered":"<p>El Poder Judicial de Per\u00fa emiti\u00f3 el viernes (21.11.2025) una orden de captura internacional y dict\u00f3 cinco meses de prisi\u00f3n preventiva contra la ex primera ministra Betssy Ch\u00e1vez, procesada por intento de golpe de Estado y actualmente refugiada en la embajada de M\u00e9xico en Lima. \u00abSe resuelve dictar prisi\u00f3n preventiva por plazo de cinco meses [&hellip;]<\/p>\n","protected":false},"author":1,"featured_media":17430,"comment_status":"open","ping_status":"open","sticky":false,"template":"","format":"standard","meta":{"footnotes":""},"categories":[8],"tags":[],"_links":{"self":[{"href":"https:\/\/infozamoraec.com\/index.php\/wp-json\/wp\/v2\/posts\/17429"}],"collection":[{"href":"https:\/\/infozamoraec.com\/index.php\/wp-json\/wp\/v2\/posts"}],"about":[{"href":"https:\/\/infozamoraec.com\/index.php\/wp-json\/wp\/v2\/types\/post"}],"author":[{"embeddable":true,"href":"https:\/\/infozamoraec.com\/index.php\/wp-json\/wp\/v2\/users\/1"}],"replies":[{"embeddable":true,"href":"https:\/\/infozamoraec.com\/index.php\/wp-json\/wp\/v2\/comments?post=17429"}],"version-history":[{"count":1,"href":"https:\/\/infozamoraec.com\/index.php\/wp-json\/wp\/v2\/posts\/17429\/revisions"}],"predecessor-version":[{"id":17431,"href":"https:\/\/infozamoraec.com\/index.php\/wp-json\/wp\/v2\/posts\/17429\/revisions\/17431"}],"wp:featuredmedia":[{"embeddable":true,"href":"https:\/\/infozamoraec.com\/index.php\/wp-json\/wp\/v2\/media\/17430"}],"wp:attachment":[{"href":"https:\/\/infozamoraec.com\/index.php\/wp-json\/wp\/v2\/media?parent=17429"}],"wp:term":[{"taxonomy":"category","embeddable":true,"href":"https:\/\/infozamoraec.com\/index.php\/wp-json\/wp\/v2\/categories?post=17429"},{"taxonomy":"post_tag","embeddable":true,"href":"https:\/\/infozamoraec.com\/index.php\/wp-json\/wp\/v2\/tags?post=17429"}],"curies":[{"name":"wp","href":"https:\/\/api.w.org\/{rel}","templated":true}]}}