{"id":17426,"date":"2025-11-21T23:10:28","date_gmt":"2025-11-21T23:10:28","guid":{"rendered":"https:\/\/infozamoraec.com\/?p=17426"},"modified":"2025-11-21T23:10:28","modified_gmt":"2025-11-21T23:10:28","slug":"bolsonaro-pide-al-supremo-de-brasil-cumplir-condena-en-casa","status":"publish","type":"post","link":"https:\/\/infozamoraec.com\/index.php\/2025\/11\/21\/bolsonaro-pide-al-supremo-de-brasil-cumplir-condena-en-casa\/","title":{"rendered":"Bolsonaro pide al Supremo de Brasil cumplir condena en casa"},"content":{"rendered":"<p>La defensa de Jair Bolsonaro solicit\u00f3 este viernes a la Corte Suprema de Brasil que el expresidente pueda cumplir la condena de 27 a\u00f1os de c\u00e1rcel por golpismo bajo el r\u00e9gimen de prisi\u00f3n domiciliaria, por motivos de salud.<\/p>\n<p>Los abogados enviaron la petici\u00f3n al juez Alexandre de Moraes, relator del proceso en el que el exmandatario fue declarado culpable por \u00abliderar\u00bb una trama golpista tras perder las elecciones de 2022 frente al actual gobernante, Luiz In\u00e1cio Lula da Silva.<\/p>\n<p>El l\u00edder ultraderechista ya se encuentra bajo arresto domiciliario en su residencia de Brasilia desde el pasado 4 de agosto por incumplir una serie de medidas cautelares en el marco de la causa.<\/p>\n<p>Piden no enviarlo a la c\u00e1rcel<br \/>\nBolsonaro, de 70 a\u00f1os, fue condenado el pasado 11 de septiembre por la Primera Sala del Supremo, que le impuso una pena de 27 a\u00f1os y 3 meses de c\u00e1rcel en r\u00e9gimen cerrado por intentar \u00abperpetuarse\u00bb en el poder con el apoyo de antiguos ministros y mandos militares.<\/p>\n<p>De Moraes a\u00fan no ha decretado la ejecuci\u00f3n de la sentencia, lo que se espera en las pr\u00f3ximas semanas, tras el rechazo de los primeros recursos de apelaci\u00f3n por parte de la Primera Sala.<\/p>\n<p>No obstante, los abogados se han adelantado y han pedido ya \u00abla concesi\u00f3n de una prisi\u00f3n domiciliaria humanitaria\u00bb a ser cumplida \u00abintegralmente\u00bb en su casa de Brasilia, donde permanece recluido ahora.<\/p>\n<p>Exponen que el ex jefe de Estado (2019-2022) estar\u00eda monitoreado a trav\u00e9s de una tobillera electr\u00f3nica y bajo las \u00abrestricciones\u00bb que as\u00ed determinara la Justicia.<\/p>\n<p>Hijo dice que su enfermedad \u00abpodr\u00eda ser fatal\u00bb<br \/>\nAlegan que es un caso \u00abexcepcional\u00bb de naturaleza \u00abhumanitaria\u00bb que se fundamenta en los reiterados problemas de salud que arrastra el capit\u00e1n retirado del Ej\u00e9rcito.<\/p>\n<p>Seg\u00fan su familia, Bolsonaro viene sufriendo crisis de hipo, mareos y v\u00f3mitos, un fen\u00f3meno recurrente que sus aliados vinculan con la pu\u00f1alada que sufri\u00f3 durante un mitin, en la campa\u00f1a de 2018, y las posteriores cirug\u00edas a las que se tuvo que someter por ese atentado.<\/p>\n<p>La pasada madrugada, uno de sus hijos, el concejal de R\u00edo de Janeiro, Carlos Bolsonaro, asegur\u00f3 que su padre, \u00abcuando est\u00e1 despierto, vomita constantemente\u00bb.<\/p>\n<p>\u00abNunca lo hab\u00eda visto as\u00ed. Tiene hipo mientras duerme y temo que tenga reflujo, lo cual podr\u00eda ser fatal si aspira lo que vomita\u00bb, relat\u00f3 en sus redes sociales.<\/p>\n<p>Adem\u00e1s, recientemente se le retiraron ocho lesiones en la piel, dos de las cuales dieron positivas para un tipo de c\u00e1ncer en \u00abestado precoz\u00bb, lo que le obligar\u00e1 a pasar por evaluaciones peri\u00f3dicas para vigilar su desarrollo.<\/p>\n<p>gs (efe, afp)<\/p>\n","protected":false},"excerpt":{"rendered":"<p>La defensa de Jair Bolsonaro solicit\u00f3 este viernes a la Corte Suprema de Brasil que el expresidente pueda cumplir la condena de 27 a\u00f1os de c\u00e1rcel por golpismo bajo el r\u00e9gimen de prisi\u00f3n domiciliaria, por motivos de salud. Los abogados enviaron la petici\u00f3n al juez Alexandre de Moraes, relator del proceso en el que el [&hellip;]<\/p>\n","protected":false},"author":1,"featured_media":17427,"comment_status":"open","ping_status":"open","sticky":false,"template":"","format":"standard","meta":{"footnotes":""},"categories":[8],"tags":[],"_links":{"self":[{"href":"https:\/\/infozamoraec.com\/index.php\/wp-json\/wp\/v2\/posts\/17426"}],"collection":[{"href":"https:\/\/infozamoraec.com\/index.php\/wp-json\/wp\/v2\/posts"}],"about":[{"href":"https:\/\/infozamoraec.com\/index.php\/wp-json\/wp\/v2\/types\/post"}],"author":[{"embeddable":true,"href":"https:\/\/infozamoraec.com\/index.php\/wp-json\/wp\/v2\/users\/1"}],"replies":[{"embeddable":true,"href":"https:\/\/infozamoraec.com\/index.php\/wp-json\/wp\/v2\/comments?post=17426"}],"version-history":[{"count":1,"href":"https:\/\/infozamoraec.com\/index.php\/wp-json\/wp\/v2\/posts\/17426\/revisions"}],"predecessor-version":[{"id":17428,"href":"https:\/\/infozamoraec.com\/index.php\/wp-json\/wp\/v2\/posts\/17426\/revisions\/17428"}],"wp:featuredmedia":[{"embeddable":true,"href":"https:\/\/infozamoraec.com\/index.php\/wp-json\/wp\/v2\/media\/17427"}],"wp:attachment":[{"href":"https:\/\/infozamoraec.com\/index.php\/wp-json\/wp\/v2\/media?parent=17426"}],"wp:term":[{"taxonomy":"category","embeddable":true,"href":"https:\/\/infozamoraec.com\/index.php\/wp-json\/wp\/v2\/categories?post=17426"},{"taxonomy":"post_tag","embeddable":true,"href":"https:\/\/infozamoraec.com\/index.php\/wp-json\/wp\/v2\/tags?post=17426"}],"curies":[{"name":"wp","href":"https:\/\/api.w.org\/{rel}","templated":true}]}}