{"id":17423,"date":"2025-11-21T23:08:17","date_gmt":"2025-11-21T23:08:17","guid":{"rendered":"https:\/\/infozamoraec.com\/?p=17423"},"modified":"2025-11-21T23:08:17","modified_gmt":"2025-11-21T23:08:17","slug":"colombia-disidencia-farc-se-compromete-no-reclutar-menores","status":"publish","type":"post","link":"https:\/\/infozamoraec.com\/index.php\/2025\/11\/21\/colombia-disidencia-farc-se-compromete-no-reclutar-menores\/","title":{"rendered":"Colombia: disidencia FARC se compromete no reclutar menores"},"content":{"rendered":"<p>El Gobierno de Colombia y el Estado Mayor de los Bloques y Frentes (EMBF), una disidencia de las FARC, pactaron seis acuerdos, entre ellos el que ese grupo no reclute menores de 18 a\u00f1os para sus filas, facilitar el acceso a la tierra y la contenci\u00f3n de la tala de bosques, se inform\u00f3 el viernes (21.11.2025).<\/p>\n<p>En un comunicado de la Mesa de Di\u00e1logos de Paz del Gobierno con el EMBF-FARC, las partes dieron cuenta de los logros alcanzados en el VII ciclo de negociaci\u00f3n, realizado en Campo Hermoso, del municipio de San Vicente del Cagu\u00e1n, en el departamento del Caquet\u00e1 (sur de Colombia).<\/p>\n<p>De acuerdo con el documento, el \u00abacuerdo compromete al EMBF FARC-EP a iniciar la implementaci\u00f3n de una pol\u00edtica de no incorporaci\u00f3n de menores de 18 a\u00f1os a sus filas\u00bb.<\/p>\n<p>En ese sentido, el Gobierno colombiano incrementar\u00e1 los programas integrales de protecci\u00f3n de los ni\u00f1os y adolescentes, \u00abespecialmente en zonas de conflicto\u00bb.<\/p>\n<p>En el documento de nueve puntos se acord\u00f3 tambi\u00e9n que se promover\u00e1 el acceso a la tierra y se constituir\u00e1n Zonas de Reserva Campesina (ZRC).<\/p>\n<p>En el caso de las elecciones presidenciales y legislativas de 2026, especifica un pacto \u00abque permita el libre ejercicio de los ciudadanos y ciudadanas a elegir y ser elegidos\u00bb, y tambi\u00e9n que \u00abgarantice a todos los partidos y candidatos el derecho a exponer sus programas ante los electores del pa\u00eds\u00bb.<\/p>\n<p>Tras las legislativas del 8 de marzo pr\u00f3ximo, Colombia celebrar\u00e1 elecciones presidenciales el 31 de mayo y, en caso de ser necesaria una segunda vuelta, ser\u00e1 el 21 de junio.<\/p>\n<p>Tres a\u00f1os despu\u00e9s del lanzamiento de la &#8216;paz total&#8217;, ning\u00fan grupo armado se ha desmovilizado. No obstante, se mantienen los di\u00e1logos con los Comuneros del Sur y dos disidencias de las FARC: el Estado Mayor de Bloques y Frentes y la Coordinadora Nacional Ej\u00e9rcito Bolivariano (CNEB).<\/p>\n<p>El Gobierno tambi\u00e9n negoci\u00f3 con el Estado Mayor Central (EMC), la mayor disidencia de las FARC, liderada por alias \u00abIv\u00e1n Mordisco\u00bb, el criminal m\u00e1s buscado de Colombia, pero dej\u00f3 de hacerlo por una oleada de violencia de ese grupo en el suroeste del pa\u00eds.<\/p>\n<p>gs (efe, El Tiempo)<\/p>\n","protected":false},"excerpt":{"rendered":"<p>El Gobierno de Colombia y el Estado Mayor de los Bloques y Frentes (EMBF), una disidencia de las FARC, pactaron seis acuerdos, entre ellos el que ese grupo no reclute menores de 18 a\u00f1os para sus filas, facilitar el acceso a la tierra y la contenci\u00f3n de la tala de bosques, se inform\u00f3 el viernes [&hellip;]<\/p>\n","protected":false},"author":1,"featured_media":17424,"comment_status":"open","ping_status":"open","sticky":false,"template":"","format":"standard","meta":{"footnotes":""},"categories":[8],"tags":[],"_links":{"self":[{"href":"https:\/\/infozamoraec.com\/index.php\/wp-json\/wp\/v2\/posts\/17423"}],"collection":[{"href":"https:\/\/infozamoraec.com\/index.php\/wp-json\/wp\/v2\/posts"}],"about":[{"href":"https:\/\/infozamoraec.com\/index.php\/wp-json\/wp\/v2\/types\/post"}],"author":[{"embeddable":true,"href":"https:\/\/infozamoraec.com\/index.php\/wp-json\/wp\/v2\/users\/1"}],"replies":[{"embeddable":true,"href":"https:\/\/infozamoraec.com\/index.php\/wp-json\/wp\/v2\/comments?post=17423"}],"version-history":[{"count":1,"href":"https:\/\/infozamoraec.com\/index.php\/wp-json\/wp\/v2\/posts\/17423\/revisions"}],"predecessor-version":[{"id":17425,"href":"https:\/\/infozamoraec.com\/index.php\/wp-json\/wp\/v2\/posts\/17423\/revisions\/17425"}],"wp:featuredmedia":[{"embeddable":true,"href":"https:\/\/infozamoraec.com\/index.php\/wp-json\/wp\/v2\/media\/17424"}],"wp:attachment":[{"href":"https:\/\/infozamoraec.com\/index.php\/wp-json\/wp\/v2\/media?parent=17423"}],"wp:term":[{"taxonomy":"category","embeddable":true,"href":"https:\/\/infozamoraec.com\/index.php\/wp-json\/wp\/v2\/categories?post=17423"},{"taxonomy":"post_tag","embeddable":true,"href":"https:\/\/infozamoraec.com\/index.php\/wp-json\/wp\/v2\/tags?post=17423"}],"curies":[{"name":"wp","href":"https:\/\/api.w.org\/{rel}","templated":true}]}}