{"id":17419,"date":"2025-11-21T23:05:04","date_gmt":"2025-11-21T23:05:04","guid":{"rendered":"https:\/\/infozamoraec.com\/?p=17419"},"modified":"2025-11-21T23:05:29","modified_gmt":"2025-11-21T23:05:29","slug":"cne-instala-audiencia-publica-nacional-de-escrutinio-del-referendum-y-consulta-popular-2025","status":"publish","type":"post","link":"https:\/\/infozamoraec.com\/index.php\/2025\/11\/21\/cne-instala-audiencia-publica-nacional-de-escrutinio-del-referendum-y-consulta-popular-2025\/","title":{"rendered":"CNE instala Audiencia P\u00fablica Nacional de Escrutinio del Refer\u00e9ndum y Consulta Popular 2025"},"content":{"rendered":"<p>Este viernes 21 de noviembre, el Pleno del Consejo Nacional Electoral (CNE) instal\u00f3 la Audiencia P\u00fablica Nacional de Escrutinio del Refer\u00e9ndum y Consulta Popular 2025, para conocer las actas de escrutinio levantadas por las Juntas Provinciales Electorales y Especial del Exterior.<\/p>\n<p>En esta primera sesi\u00f3n se examinaron las actas de 24 provincias, excepto las correspondientes a las circunscripciones del exterior, debido a que los paquetes electorales a\u00fan se encuentran en tr\u00e1nsito hacia el pa\u00eds.<\/p>\n<p>Concluido el escrutinio nacional, se computar\u00e1 el n\u00famero de votos v\u00e1lidos obtenidos en cada pregunta para que el CNE proclame los resultados definitivos de la votaci\u00f3n expresada por los ecuatorianos, el pasado 16 de noviembre.<\/p>\n","protected":false},"excerpt":{"rendered":"<p>Este viernes 21 de noviembre, el Pleno del Consejo Nacional Electoral (CNE) instal\u00f3 la Audiencia P\u00fablica Nacional de Escrutinio del Refer\u00e9ndum y Consulta Popular 2025, para conocer las actas de escrutinio levantadas por las Juntas Provinciales Electorales y Especial del Exterior. En esta primera sesi\u00f3n se examinaron las actas de 24 provincias, excepto las correspondientes [&hellip;]<\/p>\n","protected":false},"author":1,"featured_media":17420,"comment_status":"open","ping_status":"open","sticky":false,"template":"","format":"standard","meta":{"footnotes":""},"categories":[12],"tags":[],"_links":{"self":[{"href":"https:\/\/infozamoraec.com\/index.php\/wp-json\/wp\/v2\/posts\/17419"}],"collection":[{"href":"https:\/\/infozamoraec.com\/index.php\/wp-json\/wp\/v2\/posts"}],"about":[{"href":"https:\/\/infozamoraec.com\/index.php\/wp-json\/wp\/v2\/types\/post"}],"author":[{"embeddable":true,"href":"https:\/\/infozamoraec.com\/index.php\/wp-json\/wp\/v2\/users\/1"}],"replies":[{"embeddable":true,"href":"https:\/\/infozamoraec.com\/index.php\/wp-json\/wp\/v2\/comments?post=17419"}],"version-history":[{"count":1,"href":"https:\/\/infozamoraec.com\/index.php\/wp-json\/wp\/v2\/posts\/17419\/revisions"}],"predecessor-version":[{"id":17421,"href":"https:\/\/infozamoraec.com\/index.php\/wp-json\/wp\/v2\/posts\/17419\/revisions\/17421"}],"wp:featuredmedia":[{"embeddable":true,"href":"https:\/\/infozamoraec.com\/index.php\/wp-json\/wp\/v2\/media\/17420"}],"wp:attachment":[{"href":"https:\/\/infozamoraec.com\/index.php\/wp-json\/wp\/v2\/media?parent=17419"}],"wp:term":[{"taxonomy":"category","embeddable":true,"href":"https:\/\/infozamoraec.com\/index.php\/wp-json\/wp\/v2\/categories?post=17419"},{"taxonomy":"post_tag","embeddable":true,"href":"https:\/\/infozamoraec.com\/index.php\/wp-json\/wp\/v2\/tags?post=17419"}],"curies":[{"name":"wp","href":"https:\/\/api.w.org\/{rel}","templated":true}]}}