{"id":17412,"date":"2025-11-21T23:00:16","date_gmt":"2025-11-21T23:00:16","guid":{"rendered":"https:\/\/infozamoraec.com\/?p=17412"},"modified":"2025-11-21T23:00:16","modified_gmt":"2025-11-21T23:00:16","slug":"noboa-concluye-su-viaje-a-estados-unidos-con-agenda-reservada","status":"publish","type":"post","link":"https:\/\/infozamoraec.com\/index.php\/2025\/11\/21\/noboa-concluye-su-viaje-a-estados-unidos-con-agenda-reservada\/","title":{"rendered":"Noboa concluye su viaje a Estados Unidos con agenda reservada"},"content":{"rendered":"<p>El presidente de Ecuador, Daniel Noboa, concluy\u00f3 el 20 de noviembre de 2025 un \u00abviaje oficial\u00bb de tres d\u00edas a Estados Unidos, cuya finalidad y motivos nunca fueron especificados p\u00fablicamente, as\u00ed como tampoco fue revelada ninguna agenda de sus actividades.<\/p>\n<p>El decreto donde el mandatario anunciaba que estar\u00eda de viaje en Estados Unidos entre el 18 y 20 de noviembre no detallaba el prop\u00f3sito del viaje, y desde Presidencia tambi\u00e9n hubo silencio a los pedidos de periodistas de informaci\u00f3n sobre la agenda que cumplir\u00eda el jefe de Estado.<\/p>\n<p>Noboa viaj\u00f3 a bordo del avi\u00f3n presidencial de Ecuador, desde Quito al aeropuerto de Teterboro, ubicado a 20 kil\u00f3metros de Manhattan, el mismo desde donde retorn\u00f3 en la noche del jueves, con llegada prevista a territorio ecuatoriano en la madrugada de este viernes 21.<\/p>\n<p>Durante su estancia en Estados Unidos, Noboa emiti\u00f3 dos decretos que fueron firmados en Washington el mi\u00e9rcoles y en Nueva York este mismo jueves, este \u00faltimo para designar como ministra de Gobierno a la asamble\u00edsta oficialista Nataly Morillo, tras la renuncia a asumir el cargo del radiodifusor \u00c1lvaro Rosero.<\/p>\n<p>El gobernante ecuatoriano hizo este viaje al pa\u00eds norteamericano tras su contundente derrota el domingo en las urnas del refer\u00e9ndum celebrado a iniciativa suya para plantear, entre otros asuntos, una Asamblea Constituyente para elaborar una nueva Constituci\u00f3n que reemplazase a la carta magna vigente, heredada del corre\u00edsmo.<\/p>\n<p>Tambi\u00e9n se consultaba la posibilidad de permitir nuevamente bases militares extranjeras en territorio nacional, reducir el n\u00famero de asamble\u00edstas de 151 a 73 en el Parlamento y eliminar la financiaci\u00f3n p\u00fablica a partidos.<\/p>\n<p>Sin embargo, el \u2018No\u2019 se impuso claramente en las cuatro preguntas, con m\u00e1rgenes amplios de m\u00e1s del 60 % de votos v\u00e1lidos en las cuestiones de la Asamblea Constituyente y bases militares extranjeras.<\/p>\n<p>El presidente Noboa tampoco ha dado declaraciones p\u00fablicas sobre los resultados, salvo un mensaje del domingo 16 en su cuenta de X, donde se\u00f1al\u00f3 que respeta la voluntad del pueblo.<\/p>\n<p>Nacido en 1987 en Miami (Estados Unidos), Noboa ha viajado recurrentemente hasta en un total de trece ocasiones al pa\u00eds norteamericano desde que fue elegido presidente por primera vez en 2023, tanto para asuntos oficiales como para personales, como cuando su tercer hijo naci\u00f3 a inicios de 2024 tambi\u00e9n en Miami.\u00a0<strong>EFE<\/strong><\/p>\n","protected":false},"excerpt":{"rendered":"<p>El presidente de Ecuador, Daniel Noboa, concluy\u00f3 el 20 de noviembre de 2025 un \u00abviaje oficial\u00bb de tres d\u00edas a Estados Unidos, cuya finalidad y motivos nunca fueron especificados p\u00fablicamente, as\u00ed como tampoco fue revelada ninguna agenda de sus actividades. El decreto donde el mandatario anunciaba que estar\u00eda de viaje en Estados Unidos entre el [&hellip;]<\/p>\n","protected":false},"author":1,"featured_media":17413,"comment_status":"open","ping_status":"open","sticky":false,"template":"","format":"standard","meta":{"footnotes":""},"categories":[12],"tags":[],"_links":{"self":[{"href":"https:\/\/infozamoraec.com\/index.php\/wp-json\/wp\/v2\/posts\/17412"}],"collection":[{"href":"https:\/\/infozamoraec.com\/index.php\/wp-json\/wp\/v2\/posts"}],"about":[{"href":"https:\/\/infozamoraec.com\/index.php\/wp-json\/wp\/v2\/types\/post"}],"author":[{"embeddable":true,"href":"https:\/\/infozamoraec.com\/index.php\/wp-json\/wp\/v2\/users\/1"}],"replies":[{"embeddable":true,"href":"https:\/\/infozamoraec.com\/index.php\/wp-json\/wp\/v2\/comments?post=17412"}],"version-history":[{"count":1,"href":"https:\/\/infozamoraec.com\/index.php\/wp-json\/wp\/v2\/posts\/17412\/revisions"}],"predecessor-version":[{"id":17414,"href":"https:\/\/infozamoraec.com\/index.php\/wp-json\/wp\/v2\/posts\/17412\/revisions\/17414"}],"wp:featuredmedia":[{"embeddable":true,"href":"https:\/\/infozamoraec.com\/index.php\/wp-json\/wp\/v2\/media\/17413"}],"wp:attachment":[{"href":"https:\/\/infozamoraec.com\/index.php\/wp-json\/wp\/v2\/media?parent=17412"}],"wp:term":[{"taxonomy":"category","embeddable":true,"href":"https:\/\/infozamoraec.com\/index.php\/wp-json\/wp\/v2\/categories?post=17412"},{"taxonomy":"post_tag","embeddable":true,"href":"https:\/\/infozamoraec.com\/index.php\/wp-json\/wp\/v2\/tags?post=17412"}],"curies":[{"name":"wp","href":"https:\/\/api.w.org\/{rel}","templated":true}]}}