{"id":17409,"date":"2025-11-21T22:57:49","date_gmt":"2025-11-21T22:57:49","guid":{"rendered":"https:\/\/infozamoraec.com\/?p=17409"},"modified":"2025-11-21T22:57:49","modified_gmt":"2025-11-21T22:57:49","slug":"asesinan-a-exjuez-cuando-se-movilizaba-en-su-vehiculo-en-guayas","status":"publish","type":"post","link":"https:\/\/infozamoraec.com\/index.php\/2025\/11\/21\/asesinan-a-exjuez-cuando-se-movilizaba-en-su-vehiculo-en-guayas\/","title":{"rendered":"Asesinan a exjuez cuando se movilizaba en su veh\u00edculo en Guayas"},"content":{"rendered":"<p>Sujetos armados asesinaron este viernes al exjuez Carlos Zambrano tras dispararle cuando circulaba en su veh\u00edculo por la v\u00eda a la Costa, en Guayaquil, Guayas, una de las m\u00e1s afectadas por la violencia en Ecuador.<\/p>\n<p>La Polic\u00eda confirm\u00f3 que el hecho tuvo lugar en los exteriores de la urbanizaci\u00f3n\u00a0<strong>Puerto Azul<\/strong>\u00a0y caus\u00f3 conmoci\u00f3n en Guayaquil, capital del Guayas.<\/p>\n<p>Zambrano, de 49 a\u00f1os, trabajaba como abogado en libre ejercicio y hasta 2022 se desempe\u00f1\u00f3 como juez de la Sala de la Familia, Mujer, Ni\u00f1ez y Adolescencia de la Corte Provincial del Guayas.<\/p>\n<p>El exjuez se suma a la lista de v\u00edctimas de sicariato (asesinato por encargo) que han aumentado en Ecuador, pa\u00eds que atraviesa niveles de violencia sin precedentes, atribuidos por el Gobierno a las bandas criminales vinculadas con el narcotr\u00e1fico.<\/p>\n<p>Desde inicios de 2024 Noboa declar\u00f3 al pa\u00eds bajo \u2018conflicto armado interno\u2019 y catalog\u00f3 a las bandas criminales como grupos \u00abterroristas\u00bb, pero la violencia se ha agudizado en 2025, ya que en el primer semestre de este a\u00f1o se registraron 4.619 homicidios, un 47 % m\u00e1s que en el mismo per\u00edodo de 2024. EFE<\/p>\n","protected":false},"excerpt":{"rendered":"<p>Sujetos armados asesinaron este viernes al exjuez Carlos Zambrano tras dispararle cuando circulaba en su veh\u00edculo por la v\u00eda a la Costa, en Guayaquil, Guayas, una de las m\u00e1s afectadas por la violencia en Ecuador. La Polic\u00eda confirm\u00f3 que el hecho tuvo lugar en los exteriores de la urbanizaci\u00f3n\u00a0Puerto Azul\u00a0y caus\u00f3 conmoci\u00f3n en Guayaquil, capital [&hellip;]<\/p>\n","protected":false},"author":1,"featured_media":17410,"comment_status":"open","ping_status":"open","sticky":false,"template":"","format":"standard","meta":{"footnotes":""},"categories":[12],"tags":[],"_links":{"self":[{"href":"https:\/\/infozamoraec.com\/index.php\/wp-json\/wp\/v2\/posts\/17409"}],"collection":[{"href":"https:\/\/infozamoraec.com\/index.php\/wp-json\/wp\/v2\/posts"}],"about":[{"href":"https:\/\/infozamoraec.com\/index.php\/wp-json\/wp\/v2\/types\/post"}],"author":[{"embeddable":true,"href":"https:\/\/infozamoraec.com\/index.php\/wp-json\/wp\/v2\/users\/1"}],"replies":[{"embeddable":true,"href":"https:\/\/infozamoraec.com\/index.php\/wp-json\/wp\/v2\/comments?post=17409"}],"version-history":[{"count":1,"href":"https:\/\/infozamoraec.com\/index.php\/wp-json\/wp\/v2\/posts\/17409\/revisions"}],"predecessor-version":[{"id":17411,"href":"https:\/\/infozamoraec.com\/index.php\/wp-json\/wp\/v2\/posts\/17409\/revisions\/17411"}],"wp:featuredmedia":[{"embeddable":true,"href":"https:\/\/infozamoraec.com\/index.php\/wp-json\/wp\/v2\/media\/17410"}],"wp:attachment":[{"href":"https:\/\/infozamoraec.com\/index.php\/wp-json\/wp\/v2\/media?parent=17409"}],"wp:term":[{"taxonomy":"category","embeddable":true,"href":"https:\/\/infozamoraec.com\/index.php\/wp-json\/wp\/v2\/categories?post=17409"},{"taxonomy":"post_tag","embeddable":true,"href":"https:\/\/infozamoraec.com\/index.php\/wp-json\/wp\/v2\/tags?post=17409"}],"curies":[{"name":"wp","href":"https:\/\/api.w.org\/{rel}","templated":true}]}}