{"id":17406,"date":"2025-11-21T22:55:24","date_gmt":"2025-11-21T22:55:24","guid":{"rendered":"https:\/\/infozamoraec.com\/?p=17406"},"modified":"2025-11-21T22:55:24","modified_gmt":"2025-11-21T22:55:24","slug":"zamora-chinchipe-presenta-agenda-por-el-dia-internacional-de-la-eliminacion-de-la-violencia-contra-la-mujer","status":"publish","type":"post","link":"https:\/\/infozamoraec.com\/index.php\/2025\/11\/21\/zamora-chinchipe-presenta-agenda-por-el-dia-internacional-de-la-eliminacion-de-la-violencia-contra-la-mujer\/","title":{"rendered":"Zamora Chinchipe presenta agenda por el D\u00eda Internacional de la Eliminaci\u00f3n de la Violencia contra la Mujer"},"content":{"rendered":"<p>En una rueda de prensa desarrollada en Zamora, autoridades provinciales y representantes de diversas instituciones presentaron la agenda de actividades por el D\u00eda Internacional de la Eliminaci\u00f3n de la Violencia contra la Mujer, fecha que se conmemora cada 25 de noviembre para recordar que toda forma de violencia contra mujeres y ni\u00f1as es inaceptable.<\/p>\n<p>V\u00edctor Sarango, viceprefecto de Zamora Chinchipe, se\u00f1al\u00f3 que varias organizaciones y asociaciones se han sumado para coordinar esta agenda provincial. \u201cNos hemos unido para trabajar por el D\u00eda Internacional de la Eliminaci\u00f3n de la Violencia contra la Mujer. Vaya mi agradecimiento por ese contingente para que esta agenda se desarrolle con normalidad\u201d, afirm\u00f3. Agreg\u00f3 que el Gobierno Provincial mantiene su compromiso social desde el inicio de la actual administraci\u00f3n, a trav\u00e9s de proyectos orientados al bienestar y la protecci\u00f3n de grupos vulnerables.<\/p>\n<p>Por su parte, Andrea Rivadeneira, delegada de la Defensor\u00eda del Pueblo, destac\u00f3 que esta fecha impulsa a continuar con acciones de sensibilizaci\u00f3n. \u201cNos invita a seguir trabajando en campa\u00f1as de sensibilizaci\u00f3n contra la eliminaci\u00f3n de la violencia contra la mujer. Agradecemos a las instituciones que nos hemos unido para trabajar en esta agenda\u201d, expres\u00f3.<\/p>\n<p>La programaci\u00f3n prevista es la siguiente:<\/p>\n<p>Lunes 24 de noviembre de 2025<\/p>\n<p>08:00: Momento c\u00edvico por el D\u00eda Internacional de la Eliminaci\u00f3n de la Violencia contra la Mujer, en el parque central de Zamora.<\/p>\n<p>09:00: Actividad \u201cManos pintadas: Dejando huella por una vida libre de violencia\u201d, en el Pasaje San Francisco.<\/p>\n<p>Martes 25 de noviembre de 2025<\/p>\n<p>09:30: Concurso de obras de teatro \u201cVivir sin miedo es mi derecho\u201d, en el sal\u00f3n V\u00edctor Manuel Rodr\u00edguez Pe\u00f1arreta.<br \/>\nLa Prefectura aportar\u00e1 con la premiaci\u00f3n de los tres primeros lugares con $350, $250 y $150, respectivamente; en total, la instituci\u00f3n destina $2.000 para esta actividad.<\/p>\n<p>El eslogan elegido para este a\u00f1o es \u201cVIVIR SIN MIEDO ES MI DERECHO\u201d, con un enfoque en la violencia en el hogar y en problem\u00e1ticas como el embarazo adolescente. Mar\u00eda del Carmen G\u00e1lvez hizo un llamado a la reflexi\u00f3n: \u201cQueremos hacer un llamado como mujeres y como personas. Estos actos duelen, a diario est\u00e1 presente ese machismo imperante contra la vulneraci\u00f3n de los derechos. Incluso ahora las ni\u00f1as tambi\u00e9n sufren violencia. Es un llamado a los padres de familia a seguir trabajando desde casa en m\u00e1s valores\u201d.<\/p>\n<p>Dato:<br \/>\nLa Prefectura de Zamora Chinchipe ha ejecutado 200 talleres de sensibilizaci\u00f3n sobre protecci\u00f3n de derechos, beneficiando a m\u00e1s de 500 personas en toda la provincia.<\/p>\n","protected":false},"excerpt":{"rendered":"<p>En una rueda de prensa desarrollada en Zamora, autoridades provinciales y representantes de diversas instituciones presentaron la agenda de actividades por el D\u00eda Internacional de la Eliminaci\u00f3n de la Violencia contra la Mujer, fecha que se conmemora cada 25 de noviembre para recordar que toda forma de violencia contra mujeres y ni\u00f1as es inaceptable. V\u00edctor [&hellip;]<\/p>\n","protected":false},"author":1,"featured_media":17407,"comment_status":"open","ping_status":"open","sticky":false,"template":"","format":"standard","meta":{"footnotes":""},"categories":[9],"tags":[],"_links":{"self":[{"href":"https:\/\/infozamoraec.com\/index.php\/wp-json\/wp\/v2\/posts\/17406"}],"collection":[{"href":"https:\/\/infozamoraec.com\/index.php\/wp-json\/wp\/v2\/posts"}],"about":[{"href":"https:\/\/infozamoraec.com\/index.php\/wp-json\/wp\/v2\/types\/post"}],"author":[{"embeddable":true,"href":"https:\/\/infozamoraec.com\/index.php\/wp-json\/wp\/v2\/users\/1"}],"replies":[{"embeddable":true,"href":"https:\/\/infozamoraec.com\/index.php\/wp-json\/wp\/v2\/comments?post=17406"}],"version-history":[{"count":1,"href":"https:\/\/infozamoraec.com\/index.php\/wp-json\/wp\/v2\/posts\/17406\/revisions"}],"predecessor-version":[{"id":17408,"href":"https:\/\/infozamoraec.com\/index.php\/wp-json\/wp\/v2\/posts\/17406\/revisions\/17408"}],"wp:featuredmedia":[{"embeddable":true,"href":"https:\/\/infozamoraec.com\/index.php\/wp-json\/wp\/v2\/media\/17407"}],"wp:attachment":[{"href":"https:\/\/infozamoraec.com\/index.php\/wp-json\/wp\/v2\/media?parent=17406"}],"wp:term":[{"taxonomy":"category","embeddable":true,"href":"https:\/\/infozamoraec.com\/index.php\/wp-json\/wp\/v2\/categories?post=17406"},{"taxonomy":"post_tag","embeddable":true,"href":"https:\/\/infozamoraec.com\/index.php\/wp-json\/wp\/v2\/tags?post=17406"}],"curies":[{"name":"wp","href":"https:\/\/api.w.org\/{rel}","templated":true}]}}