{"id":17401,"date":"2025-11-21T22:31:14","date_gmt":"2025-11-21T22:31:14","guid":{"rendered":"https:\/\/infozamoraec.com\/?p=17401"},"modified":"2025-11-21T22:41:37","modified_gmt":"2025-11-21T22:41:37","slug":"activate-y-vamos-a-la-cancha-cierran-el-ciclo-2025-con-mas-de-5-500-beneficiados-en-loja-y-zamora-chinchipe","status":"publish","type":"post","link":"https:\/\/infozamoraec.com\/index.php\/2025\/11\/21\/activate-y-vamos-a-la-cancha-cierran-el-ciclo-2025-con-mas-de-5-500-beneficiados-en-loja-y-zamora-chinchipe\/","title":{"rendered":"Zamora Chinchipe particip\u00f3 en el cierre  los servicios \u201cAct\u00edvate\u201d y \u201cVamos a la Cancha\u201d, que impulsa el deporte en la regi\u00f3n sur"},"content":{"rendered":"<p data-start=\"158\" data-end=\"687\">La provincia de <strong data-start=\"174\" data-end=\"194\">Zamora Chinchipe<\/strong> fue uno de los puntos destacados durante la jornada de cierre de los servicios <strong data-start=\"274\" data-end=\"288\">\u201cAct\u00edvate\u201d<\/strong> y <strong data-start=\"291\" data-end=\"314\">\u201cVamos a la Cancha\u201d<\/strong>, iniciativas impulsadas por el Ministerio de Educaci\u00f3n, Deporte y Cultura para promover la actividad f\u00edsica y el deporte recreativo en la ciudadan\u00eda.<br data-start=\"464\" data-end=\"467\" \/>En este territorio amaz\u00f3nico, <strong data-start=\"497\" data-end=\"528\">alrededor de 1.000 personas<\/strong> participaron durante el 2025 en estas actividades que buscan fomentar h\u00e1bitos saludables, integraci\u00f3n comunitaria y la pr\u00e1ctica deportiva en espacios p\u00fablicos.<\/p>\n<p data-start=\"689\" data-end=\"1106\">El programa <strong data-start=\"701\" data-end=\"715\">\u201cAct\u00edvate\u201d<\/strong> desarrolla puntos activos en barrios, comunidades y parques, con el objetivo de incentivar la actividad f\u00edsica regular. De su lado, <strong data-start=\"848\" data-end=\"871\">\u201cVamos a la Cancha\u201d<\/strong> est\u00e1 dirigido a ni\u00f1as, ni\u00f1os y adolescentes de entre 5 y 17 a\u00f1os, especialmente aquellos que viven en condiciones de vulnerabilidad, y promueve la pr\u00e1ctica deportiva recreativa como herramienta para fortalecer la salud y el bienestar.<\/p>\n<p data-start=\"1108\" data-end=\"1426\">Rosa Valencia, beneficiaria del programa Act\u00edvate, destac\u00f3 la importancia de estas actividades, \u201cEs un proyecto excelente que nos permite mantenernos saludables. Muchos tenemos problemas de salud y, mediante la actividad f\u00edsica, sentimos que rejuvenecemos. Es magn\u00edfica la idea, porque el deporte nos llena de vida\u201d se\u00f1al\u00f3.<\/p>\n<p data-start=\"1428\" data-end=\"1623\">A nivel regional, la provincia de <strong data-start=\"1462\" data-end=\"1470\">Loja<\/strong> registr\u00f3 una participaci\u00f3n superior a <strong data-start=\"1509\" data-end=\"1532\">4.500 beneficiarios<\/strong>, consolid\u00e1ndose como uno de los territorios con mayor alcance dentro de estas iniciativas.<\/p>\n<p data-start=\"1625\" data-end=\"2039\">Favio Villamizar, coordinador zonal 7 del Ministerio de Educaci\u00f3n, Deporte y Cultura, se\u00f1al\u00f3 que este cierre representa un paso hacia nuevos desaf\u00edos:\u201cHoy no es el final, sino el inicio de un nuevo compromiso para seguir promoviendo la actividad f\u00edsica, los valores y la uni\u00f3n en toda la ciudadan\u00eda. Trabajaremos para que los servicios Act\u00edvate y Vamos a la Cancha contin\u00faen en cada barrio, parroquia y cant\u00f3n\u201d.<\/p>\n","protected":false},"excerpt":{"rendered":"<p>La provincia de Zamora Chinchipe fue uno de los puntos destacados durante la jornada de cierre de los servicios \u201cAct\u00edvate\u201d y \u201cVamos a la Cancha\u201d, iniciativas impulsadas por el Ministerio de Educaci\u00f3n, Deporte y Cultura para promover la actividad f\u00edsica y el deporte recreativo en la ciudadan\u00eda.En este territorio amaz\u00f3nico, alrededor de 1.000 personas participaron [&hellip;]<\/p>\n","protected":false},"author":1,"featured_media":17402,"comment_status":"open","ping_status":"open","sticky":false,"template":"","format":"standard","meta":{"footnotes":""},"categories":[9],"tags":[],"_links":{"self":[{"href":"https:\/\/infozamoraec.com\/index.php\/wp-json\/wp\/v2\/posts\/17401"}],"collection":[{"href":"https:\/\/infozamoraec.com\/index.php\/wp-json\/wp\/v2\/posts"}],"about":[{"href":"https:\/\/infozamoraec.com\/index.php\/wp-json\/wp\/v2\/types\/post"}],"author":[{"embeddable":true,"href":"https:\/\/infozamoraec.com\/index.php\/wp-json\/wp\/v2\/users\/1"}],"replies":[{"embeddable":true,"href":"https:\/\/infozamoraec.com\/index.php\/wp-json\/wp\/v2\/comments?post=17401"}],"version-history":[{"count":3,"href":"https:\/\/infozamoraec.com\/index.php\/wp-json\/wp\/v2\/posts\/17401\/revisions"}],"predecessor-version":[{"id":17405,"href":"https:\/\/infozamoraec.com\/index.php\/wp-json\/wp\/v2\/posts\/17401\/revisions\/17405"}],"wp:featuredmedia":[{"embeddable":true,"href":"https:\/\/infozamoraec.com\/index.php\/wp-json\/wp\/v2\/media\/17402"}],"wp:attachment":[{"href":"https:\/\/infozamoraec.com\/index.php\/wp-json\/wp\/v2\/media?parent=17401"}],"wp:term":[{"taxonomy":"category","embeddable":true,"href":"https:\/\/infozamoraec.com\/index.php\/wp-json\/wp\/v2\/categories?post=17401"},{"taxonomy":"post_tag","embeddable":true,"href":"https:\/\/infozamoraec.com\/index.php\/wp-json\/wp\/v2\/tags?post=17401"}],"curies":[{"name":"wp","href":"https:\/\/api.w.org\/{rel}","templated":true}]}}