{"id":17389,"date":"2025-11-21T22:18:01","date_gmt":"2025-11-21T22:18:01","guid":{"rendered":"https:\/\/infozamoraec.com\/?p=17389"},"modified":"2025-11-21T22:19:12","modified_gmt":"2025-11-21T22:19:12","slug":"17389","status":"publish","type":"post","link":"https:\/\/infozamoraec.com\/index.php\/2025\/11\/21\/17389\/","title":{"rendered":"Mancomunidad ejecuta mejoras en Palanda y define proyectos para El Pangui"},"content":{"rendered":"<p data-start=\"104\" data-end=\"541\">La Empresa Mancomunada de Movilidad, adscrita a la Mancomunidad de Integraci\u00f3n y Ejercicio de Competencias de los Municipios de Zamora Chinchipe, ejecuta esta semana trabajos de repintado de se\u00f1alizaci\u00f3n horizontal y bordillos en la cabecera cantonal de Palanda. Estas labores, coordinadas junto al Gobierno Aut\u00f3nomo Descentralizado del cant\u00f3n, buscan mejorar la movilidad, reforzar la seguridad vial y contribuir al ordenamiento urbano.<\/p>\n<p data-start=\"543\" data-end=\"743\">El GAD de Palanda agradeci\u00f3 a la Empresa Mancomunada de Movilidad por su compromiso, destacando que estas acciones representan un beneficio directo para los habitantes y para el desarrollo del cant\u00f3n.<\/p>\n<p data-start=\"745\" data-end=\"990\">De manera paralela, la Mancomunidad impulsa nuevos proyectos para el cant\u00f3n El Pangui. El gerente general, Julio Orlando Jaramillo Garc\u00eda, mantuvo una mesa t\u00e9cnica con el alcalde Jairo Herrera, en la que se definieron las metas para el a\u00f1o 2026.<\/p>\n<p data-start=\"992\" data-end=\"1038\">Entre los proyectos priorizados se incluyen:<\/p>\n<ul data-start=\"1039\" data-end=\"1232\">\n<li data-start=\"1039\" data-end=\"1075\">\n<p data-start=\"1041\" data-end=\"1075\">La se\u00f1alizaci\u00f3n vial horizontal,<\/p>\n<\/li>\n<li data-start=\"1076\" data-end=\"1131\">\n<p data-start=\"1078\" data-end=\"1131\">La implementaci\u00f3n de una intersecci\u00f3n semaforizada,<\/p>\n<\/li>\n<li data-start=\"1132\" data-end=\"1232\">\n<p data-start=\"1134\" data-end=\"1232\">Y la construcci\u00f3n de un Centro de Revisi\u00f3n T\u00e9cnica Vehicular, previsto para la recta de El Pangui.<\/p>\n<\/li>\n<\/ul>\n<p data-start=\"1234\" data-end=\"1410\" data-is-last-node=\"\" data-is-only-node=\"\">La Mancomunidad reafirm\u00f3 su compromiso con los siete cantones que la conforman, con el objetivo de promover una movilidad m\u00e1s segura, ordenada y eficiente en toda la provincia.<\/p>\n","protected":false},"excerpt":{"rendered":"<p>La Empresa Mancomunada de Movilidad, adscrita a la Mancomunidad de Integraci\u00f3n y Ejercicio de Competencias de los Municipios de Zamora Chinchipe, ejecuta esta semana trabajos de repintado de se\u00f1alizaci\u00f3n horizontal y bordillos en la cabecera cantonal de Palanda. Estas labores, coordinadas junto al Gobierno Aut\u00f3nomo Descentralizado del cant\u00f3n, buscan mejorar la movilidad, reforzar la seguridad [&hellip;]<\/p>\n","protected":false},"author":1,"featured_media":17390,"comment_status":"open","ping_status":"open","sticky":false,"template":"","format":"standard","meta":{"footnotes":""},"categories":[9],"tags":[],"_links":{"self":[{"href":"https:\/\/infozamoraec.com\/index.php\/wp-json\/wp\/v2\/posts\/17389"}],"collection":[{"href":"https:\/\/infozamoraec.com\/index.php\/wp-json\/wp\/v2\/posts"}],"about":[{"href":"https:\/\/infozamoraec.com\/index.php\/wp-json\/wp\/v2\/types\/post"}],"author":[{"embeddable":true,"href":"https:\/\/infozamoraec.com\/index.php\/wp-json\/wp\/v2\/users\/1"}],"replies":[{"embeddable":true,"href":"https:\/\/infozamoraec.com\/index.php\/wp-json\/wp\/v2\/comments?post=17389"}],"version-history":[{"count":3,"href":"https:\/\/infozamoraec.com\/index.php\/wp-json\/wp\/v2\/posts\/17389\/revisions"}],"predecessor-version":[{"id":17393,"href":"https:\/\/infozamoraec.com\/index.php\/wp-json\/wp\/v2\/posts\/17389\/revisions\/17393"}],"wp:featuredmedia":[{"embeddable":true,"href":"https:\/\/infozamoraec.com\/index.php\/wp-json\/wp\/v2\/media\/17390"}],"wp:attachment":[{"href":"https:\/\/infozamoraec.com\/index.php\/wp-json\/wp\/v2\/media?parent=17389"}],"wp:term":[{"taxonomy":"category","embeddable":true,"href":"https:\/\/infozamoraec.com\/index.php\/wp-json\/wp\/v2\/categories?post=17389"},{"taxonomy":"post_tag","embeddable":true,"href":"https:\/\/infozamoraec.com\/index.php\/wp-json\/wp\/v2\/tags?post=17389"}],"curies":[{"name":"wp","href":"https:\/\/api.w.org\/{rel}","templated":true}]}}