{"id":17383,"date":"2025-11-21T04:27:32","date_gmt":"2025-11-21T04:27:32","guid":{"rendered":"https:\/\/infozamoraec.com\/?p=17383"},"modified":"2025-11-21T04:27:32","modified_gmt":"2025-11-21T04:27:32","slug":"venezuela-lista-para-empezar-a-exportar-gas-a-colombia","status":"publish","type":"post","link":"https:\/\/infozamoraec.com\/index.php\/2025\/11\/21\/venezuela-lista-para-empezar-a-exportar-gas-a-colombia\/","title":{"rendered":"Venezuela lista para empezar a exportar gas a Colombia"},"content":{"rendered":"<p>El presidente de Venezuela, Nicol\u00e1s Maduro, dijo el jueves (20.11.2025) que su pa\u00eds est\u00e1 listo para exportar gas por primera vez hacia Colombia.<\/p>\n<p>Ambos pa\u00edses acordaron a mediados de junio la creaci\u00f3n de una zona econ\u00f3mica binacional para impulsar la producci\u00f3n y el comercio, con \u00e9nfasis energ\u00e9tico.<\/p>\n<p>\u00abLa primera exportaci\u00f3n de gas para Colombia est\u00e1 lista\u00bb, dijo Maduro en un breve balance econ\u00f3mico transmitido por la televisi\u00f3n estatal. \u00abEst\u00e1 en la frontera esperando algunos elementos t\u00e9cnicos para que Venezuela empiece a vender a Colombia\u00bb.<\/p>\n<p>\u00abDe ah\u00ed no vamos a parar porque Colombia y Venezuela tenemos que estar unidos, cada vez m\u00e1s unidos\u00bb, agreg\u00f3.<\/p>\n<p>La estatal PDVSA, hace un a\u00f1o, present\u00f3 una meta de producci\u00f3n para 2025 de casi 2.000 millones de pies c\u00fabicos por d\u00eda.<\/p>\n<p>Venezuela increment\u00f3 su producci\u00f3n energ\u00e9tica despu\u00e9s de una debacle en la industria que el gobierno atribuy\u00f3 principalmente al embargo de Estados Unidos, mientras que expertos subrayan que responde a a\u00f1os de desinversi\u00f3n y graves esc\u00e1ndalos de corrupci\u00f3n.<\/p>\n<p>Colombia fue hist\u00f3ricamente uno de los principales socios comerciales de Venezuela, aunque choques entre sus gobiernos paralizaron por a\u00f1os el intercambio.<\/p>\n<p>El comercio comenz\u00f3 a reactivarse en 2022 con la llegada al poder del izquierdista Gustavo Petro.<\/p>\n<p>Durante el primer semestre de 2025, el intercambio binacional se estim\u00f3 en 660,9 millones de d\u00f3lares, ampliamente favorable a Colombia.<\/p>\n<p>gs (afp, Globovisi\u00f3n)<\/p>\n","protected":false},"excerpt":{"rendered":"<p>El presidente de Venezuela, Nicol\u00e1s Maduro, dijo el jueves (20.11.2025) que su pa\u00eds est\u00e1 listo para exportar gas por primera vez hacia Colombia. Ambos pa\u00edses acordaron a mediados de junio la creaci\u00f3n de una zona econ\u00f3mica binacional para impulsar la producci\u00f3n y el comercio, con \u00e9nfasis energ\u00e9tico. \u00abLa primera exportaci\u00f3n de gas para Colombia est\u00e1 [&hellip;]<\/p>\n","protected":false},"author":1,"featured_media":17384,"comment_status":"open","ping_status":"open","sticky":false,"template":"","format":"standard","meta":{"footnotes":""},"categories":[8],"tags":[],"_links":{"self":[{"href":"https:\/\/infozamoraec.com\/index.php\/wp-json\/wp\/v2\/posts\/17383"}],"collection":[{"href":"https:\/\/infozamoraec.com\/index.php\/wp-json\/wp\/v2\/posts"}],"about":[{"href":"https:\/\/infozamoraec.com\/index.php\/wp-json\/wp\/v2\/types\/post"}],"author":[{"embeddable":true,"href":"https:\/\/infozamoraec.com\/index.php\/wp-json\/wp\/v2\/users\/1"}],"replies":[{"embeddable":true,"href":"https:\/\/infozamoraec.com\/index.php\/wp-json\/wp\/v2\/comments?post=17383"}],"version-history":[{"count":1,"href":"https:\/\/infozamoraec.com\/index.php\/wp-json\/wp\/v2\/posts\/17383\/revisions"}],"predecessor-version":[{"id":17385,"href":"https:\/\/infozamoraec.com\/index.php\/wp-json\/wp\/v2\/posts\/17383\/revisions\/17385"}],"wp:featuredmedia":[{"embeddable":true,"href":"https:\/\/infozamoraec.com\/index.php\/wp-json\/wp\/v2\/media\/17384"}],"wp:attachment":[{"href":"https:\/\/infozamoraec.com\/index.php\/wp-json\/wp\/v2\/media?parent=17383"}],"wp:term":[{"taxonomy":"category","embeddable":true,"href":"https:\/\/infozamoraec.com\/index.php\/wp-json\/wp\/v2\/categories?post=17383"},{"taxonomy":"post_tag","embeddable":true,"href":"https:\/\/infozamoraec.com\/index.php\/wp-json\/wp\/v2\/tags?post=17383"}],"curies":[{"name":"wp","href":"https:\/\/api.w.org\/{rel}","templated":true}]}}