{"id":17380,"date":"2025-11-21T04:25:34","date_gmt":"2025-11-21T04:25:34","guid":{"rendered":"https:\/\/infozamoraec.com\/?p=17380"},"modified":"2025-11-21T04:25:34","modified_gmt":"2025-11-21T04:25:34","slug":"cuba-recibe-a-139-migrantes-irregulares-deportados-de-ee-uu","status":"publish","type":"post","link":"https:\/\/infozamoraec.com\/index.php\/2025\/11\/21\/cuba-recibe-a-139-migrantes-irregulares-deportados-de-ee-uu\/","title":{"rendered":"Cuba recibe a 139 migrantes irregulares deportados de EE.UU."},"content":{"rendered":"<p>Cuba recibi\u00f3 este jueves (20.11.2025) un vuelo con 139 migrantes irregulares deportados por Estados Unidos, \u00aben cumplimiento de los acuerdos migratorios bilaterales\u00bb, seg\u00fan informaron medios oficiales.<\/p>\n<p>En esta, la und\u00e9cima operaci\u00f3n por v\u00eda a\u00e9rea registrada en lo que va de a\u00f1o desde EE.UU., fueron devueltos 109 hombres y 39 mujeres, detall\u00f3 el peri\u00f3dico oficial Granma.<\/p>\n<p>Una de las personas devueltas \u00abfue detenida al encontrarse en libertad condicional en el momento de abandonar ilegalmente el pa\u00eds\u00bb, a\u00f1adi\u00f3 el rotativo.<\/p>\n<p>Las autoridades cubanas precisaron que hasta el momento suman 52 las devoluciones de migrantes cubanos desde distintas naciones de la regi\u00f3n en el presente a\u00f1o, que suman 1.535 personas.<\/p>\n<p>Asimismo, recalcaron que ratifican \u00absu compromiso con una migraci\u00f3n regular, segura y ordenada\u00bb, al tiempo que advierten sobre el peligro y las condiciones de riesgo para la vida que representan las salidas ilegales del pa\u00eds.<\/p>\n<p>Acuerdo bilateral<br \/>\nLos Gobiernos de Cuba y EE.UU. tienen un acuerdo bilateral para que todos los migrantes que lleguen por mar al territorio estadounidense sean deportados al pa\u00eds caribe\u00f1o.<\/p>\n<p>Por otro lado, los vuelos de deportaci\u00f3n que estaban suspendidos desde 2020 fueron retomados a finales de abril de 2023 principalmente para los cubanos considerados \u00abinadmisibles\u00bb tras estar retenidos en la frontera con M\u00e9xico.<\/p>\n<p>De acuerdo con datos de la Oficina de Aduanas y Protecci\u00f3n de Fronteras (CBP, por sus siglas en ingl\u00e9s) de EE.UU., durante el periodo fiscal 2024 llegaron a ese pa\u00eds un total de 217 615 cubanos, lo que eleva a m\u00e1s de 860.000 la cifra de los \u00faltimos cuatro a\u00f1os.<\/p>\n<p>Cuba ha registrado en los \u00faltimos a\u00f1os un \u00e9xodo migratorio sin precedentes debido a la grave crisis econ\u00f3mica que padece, con escasez de alimentos, medicinas y combustible, una inflaci\u00f3n galopante, frecuentes y prolongados cortes el\u00e9ctricos y una dolarizaci\u00f3n parcial de la econom\u00eda.<\/p>\n<p>mg (efe, Granma)<\/p>\n<p>&nbsp;<\/p>\n","protected":false},"excerpt":{"rendered":"<p>Cuba recibi\u00f3 este jueves (20.11.2025) un vuelo con 139 migrantes irregulares deportados por Estados Unidos, \u00aben cumplimiento de los acuerdos migratorios bilaterales\u00bb, seg\u00fan informaron medios oficiales. En esta, la und\u00e9cima operaci\u00f3n por v\u00eda a\u00e9rea registrada en lo que va de a\u00f1o desde EE.UU., fueron devueltos 109 hombres y 39 mujeres, detall\u00f3 el peri\u00f3dico oficial Granma. [&hellip;]<\/p>\n","protected":false},"author":1,"featured_media":17381,"comment_status":"open","ping_status":"open","sticky":false,"template":"","format":"standard","meta":{"footnotes":""},"categories":[8],"tags":[],"_links":{"self":[{"href":"https:\/\/infozamoraec.com\/index.php\/wp-json\/wp\/v2\/posts\/17380"}],"collection":[{"href":"https:\/\/infozamoraec.com\/index.php\/wp-json\/wp\/v2\/posts"}],"about":[{"href":"https:\/\/infozamoraec.com\/index.php\/wp-json\/wp\/v2\/types\/post"}],"author":[{"embeddable":true,"href":"https:\/\/infozamoraec.com\/index.php\/wp-json\/wp\/v2\/users\/1"}],"replies":[{"embeddable":true,"href":"https:\/\/infozamoraec.com\/index.php\/wp-json\/wp\/v2\/comments?post=17380"}],"version-history":[{"count":1,"href":"https:\/\/infozamoraec.com\/index.php\/wp-json\/wp\/v2\/posts\/17380\/revisions"}],"predecessor-version":[{"id":17382,"href":"https:\/\/infozamoraec.com\/index.php\/wp-json\/wp\/v2\/posts\/17380\/revisions\/17382"}],"wp:featuredmedia":[{"embeddable":true,"href":"https:\/\/infozamoraec.com\/index.php\/wp-json\/wp\/v2\/media\/17381"}],"wp:attachment":[{"href":"https:\/\/infozamoraec.com\/index.php\/wp-json\/wp\/v2\/media?parent=17380"}],"wp:term":[{"taxonomy":"category","embeddable":true,"href":"https:\/\/infozamoraec.com\/index.php\/wp-json\/wp\/v2\/categories?post=17380"},{"taxonomy":"post_tag","embeddable":true,"href":"https:\/\/infozamoraec.com\/index.php\/wp-json\/wp\/v2\/tags?post=17380"}],"curies":[{"name":"wp","href":"https:\/\/api.w.org\/{rel}","templated":true}]}}