{"id":17374,"date":"2025-11-21T04:19:35","date_gmt":"2025-11-21T04:19:35","guid":{"rendered":"https:\/\/infozamoraec.com\/?p=17374"},"modified":"2025-11-21T04:19:35","modified_gmt":"2025-11-21T04:19:35","slug":"presuntos-guerrilleros-colombianos-dejan-panfleto-intimidador-en-carchi","status":"publish","type":"post","link":"https:\/\/infozamoraec.com\/index.php\/2025\/11\/21\/presuntos-guerrilleros-colombianos-dejan-panfleto-intimidador-en-carchi\/","title":{"rendered":"Presuntos guerrilleros colombianos dejan panfleto intimidador, en Carchi"},"content":{"rendered":"<p>Dos presuntos milicianos colombianos de la autodenominada Fuerzas Guerrilleras del Pac\u00edfico ingresaron a la peque\u00f1a poblaci\u00f3n de El Goaltal, en el cant\u00f3n Espejo, en la zona suroccidental de Carchi.<\/p>\n<p>Seg\u00fan moradores del sector, dos hombres con atuendo militar caminaron armados por la \u00fanica arteria c\u00e9ntrica del poblado hasta la parte central de la parroquia con radio comunicadores y con barazaletes que identificaban a la organizaci\u00f3n que pertenecen.<\/p>\n<p>La presencia de estos uniformados asust\u00f3 a la gente que opt\u00f3 por ingresar a sus viviendas, en medio de la sorpresa y el miedo.<\/p>\n<p>Juan Carlos Quiroz, presidente del gobierno parroquial de El Goaltal, confirm\u00f3 el hecho y mostr\u00f3 una gran preocupaci\u00f3n y temor porque existan represalias.<\/p>\n<p>Se detall\u00f3 que los sujetos armados habr\u00edan intimidado al teniente pol\u00edtico y le entregaron una suerte de panfleto en el que se autoidentifican como Fuerzas Armadas Guerrilleras del Pac\u00edfico, exigi\u00e9ndole que socialice el contenido.<\/p>\n<p>En el supuesto documento saludan cordialmente a los habitantes de las comunidades de: Gualch\u00e1n, La Primavera, El Carmen, Espejo, Guallupe, Rocafuerte, Lita, El Baboso, Cachaco y El Verde, que pertencen a las provincias de Carchi e Imbabura.<\/p>\n<p>A\u00f1aden en el texto: \u201cNosotros venimos a desarrollar una operaci\u00f3n corona para acabar con todos los insectos que atropellan a las comunidades, a todos esos llamados Los Lobos, Choneros y Los Gauchos\u201d.<\/p>\n<p>Ramiro P, nombre protegido por seguridad, oriundo de El Goaltal inform\u00f3 a El Universo que el grupo estaba integrado por aproximadamente 12 personas que portaban fusiles, mochilas, y su acento no era ecuatoriano.<\/p>\n<p>Afirma que el martes, 18 de noviembre, fueron avistados por el sector Las Juntas, dirigi\u00e9ndose a El Goaltal.<\/p>\n<p>\u201cHemos escuchado que han sido visto anteriormente vistos guerrilleros, pero no en grupo o sin uniformes, sin embargo, una vez que pas\u00f3 el susto retorn\u00f3 la tranquilidad\u201d, mencion\u00f3.<\/p>\n<p>En el panfleto se detall\u00f3 que les dan 24 horas para que desaparezcan del territorio, se\u00f1al\u00e1ndolos como plagas. La advertencia incluye a violadores, ladrones, viciosos, a los que han convertido en objetivo militar.<\/p>\n<p>Este tipo de acciones y advertencias son recurrentes en las poblaciones fronterizas colombianas vecinas, frente a Ecuador, donde no existen fuertes militares ni policiales, y se las conoce como limpieza social.<\/p>\n<p>Andr\u00e9s Mart\u00ednez, gobernador de Carchi, inform\u00f3 que se ha dispuesto a Polic\u00eda y Ejercito sobre este delicado tema, por lo que se han iniciado las investigaciones y seguimiento a este caso.<\/p>\n<p>Jorge Tello, excomandante de la Brigada Andes, coment\u00f3 meses atr\u00e1s que exist\u00edan denuncias en el sector de El Chical sobre la presencia de disidencias de la FARC, la Segunda Marquetalia, Comandos de Frontera, Comuneros del Sur y GDO\u00b4s colombianos y ecuatorianos, que estaban vacunando no s\u00f3lo a mineros irregulares, tambi\u00e9n a finqueros, transportistas, comerciantes.<\/p>\n<p>El Chical est\u00e1 a pocos metros de la frontera con Colombia, donde opera la guerrilla, disidencias y GDO. Tambi\u00e9n est\u00e1 a 112 Km de El Goaltal. Se cree que los milicianos habr\u00edan utilizado la v\u00eda que va hacia la E 10 desde El Chical, para internarse a El Goaltal.<\/p>\n<p>El comandante general de la Polic\u00eda Nacional, Pablo D\u00e1vila, dijo que avanzan las investigaciones y que coordinan acciones y estrategias con sus similares de Colombia para frenar este tipo de incursiones.<\/p>\n<p>A mediados de septiembre de este a\u00f1o, en un billar de la parroquia fronteriza de Maldonado, localizada m\u00e1s de 20 Km de El Chical fue capturado alias El Indio, segundo al mando de la columna Iv\u00e1n R\u00edos, que opera en frontera colombo-ecuatoriana y ten\u00eda doble nacionalidad. (I)<\/p>\n","protected":false},"excerpt":{"rendered":"<p>Dos presuntos milicianos colombianos de la autodenominada Fuerzas Guerrilleras del Pac\u00edfico ingresaron a la peque\u00f1a poblaci\u00f3n de El Goaltal, en el cant\u00f3n Espejo, en la zona suroccidental de Carchi. Seg\u00fan moradores del sector, dos hombres con atuendo militar caminaron armados por la \u00fanica arteria c\u00e9ntrica del poblado hasta la parte central de la parroquia con [&hellip;]<\/p>\n","protected":false},"author":1,"featured_media":17375,"comment_status":"open","ping_status":"open","sticky":false,"template":"","format":"standard","meta":{"footnotes":""},"categories":[12],"tags":[],"_links":{"self":[{"href":"https:\/\/infozamoraec.com\/index.php\/wp-json\/wp\/v2\/posts\/17374"}],"collection":[{"href":"https:\/\/infozamoraec.com\/index.php\/wp-json\/wp\/v2\/posts"}],"about":[{"href":"https:\/\/infozamoraec.com\/index.php\/wp-json\/wp\/v2\/types\/post"}],"author":[{"embeddable":true,"href":"https:\/\/infozamoraec.com\/index.php\/wp-json\/wp\/v2\/users\/1"}],"replies":[{"embeddable":true,"href":"https:\/\/infozamoraec.com\/index.php\/wp-json\/wp\/v2\/comments?post=17374"}],"version-history":[{"count":1,"href":"https:\/\/infozamoraec.com\/index.php\/wp-json\/wp\/v2\/posts\/17374\/revisions"}],"predecessor-version":[{"id":17376,"href":"https:\/\/infozamoraec.com\/index.php\/wp-json\/wp\/v2\/posts\/17374\/revisions\/17376"}],"wp:featuredmedia":[{"embeddable":true,"href":"https:\/\/infozamoraec.com\/index.php\/wp-json\/wp\/v2\/media\/17375"}],"wp:attachment":[{"href":"https:\/\/infozamoraec.com\/index.php\/wp-json\/wp\/v2\/media?parent=17374"}],"wp:term":[{"taxonomy":"category","embeddable":true,"href":"https:\/\/infozamoraec.com\/index.php\/wp-json\/wp\/v2\/categories?post=17374"},{"taxonomy":"post_tag","embeddable":true,"href":"https:\/\/infozamoraec.com\/index.php\/wp-json\/wp\/v2\/tags?post=17374"}],"curies":[{"name":"wp","href":"https:\/\/api.w.org\/{rel}","templated":true}]}}