{"id":17371,"date":"2025-11-21T04:17:33","date_gmt":"2025-11-21T04:17:33","guid":{"rendered":"https:\/\/infozamoraec.com\/?p=17371"},"modified":"2025-11-21T04:17:33","modified_gmt":"2025-11-21T04:17:33","slug":"el-municipio-de-guayaquil-denuncia-la-suspension-de-procesos-de-contratacion-por-el-sercop","status":"publish","type":"post","link":"https:\/\/infozamoraec.com\/index.php\/2025\/11\/21\/el-municipio-de-guayaquil-denuncia-la-suspension-de-procesos-de-contratacion-por-el-sercop\/","title":{"rendered":"El Municipio de Guayaquil denuncia la suspensi\u00f3n de procesos de contrataci\u00f3n por el Sercop"},"content":{"rendered":"<p>El Municipio de Guayaquil denunci\u00f3 este jueves la suspensi\u00f3n de 16 procesos de contrataci\u00f3n por parte del Servicio Nacional de Contrataci\u00f3n P\u00fablica (Sercop) \u00absin motivaci\u00f3n t\u00e9cnica suficiente\u00bb. La mayor\u00eda de estos estaban relacionados a la publicidad.<\/p>\n<p>En un comunicado oficial, el Municipio acus\u00f3 al Gobierno de realizar un \u00abbloqueo administrativo\u00bb. \u00abEstas medidas no solo detienen procesos internos: afectan directamente el derecho ciudadano a recibir informaci\u00f3n p\u00fablica veraz, oportuna y completa sobre las obras, programas, alertas y actividades municipales\u00bb, dice el escrito.<\/p>\n<p>Adem\u00e1s de exigir al Sercop que resuelva estos procesos \u00abde forma inmediata\u00bb, el Municipio dirigi\u00f3 su mensaje a los medios de comunicaci\u00f3n afectados por lo sucedido. \u00abEs fundamental que [los medios] sepan que esta situaci\u00f3n no se origina en fallas municipales ni en retrasos internos. Las paralizaciones responden exclusivamente a decisiones del Gobierno Central a trav\u00e9s del Sercop\u00bb.<\/p>\n<p>A lo largo del a\u00f1o, el Municipio de Guayaquil ha acusado repetidamente al Ejecutivo de obstaculizar sus labores. El alcalde guayaquile\u00f1o, Aquiles \u00c1lvarez, mantiene un largo enfrentamiento pol\u00edtico con el presidente de la Rep\u00fablica, Daniel Noboa, a quien acusa de persecuci\u00f3n pol\u00edtica. (I)<\/p>\n","protected":false},"excerpt":{"rendered":"<p>El Municipio de Guayaquil denunci\u00f3 este jueves la suspensi\u00f3n de 16 procesos de contrataci\u00f3n por parte del Servicio Nacional de Contrataci\u00f3n P\u00fablica (Sercop) \u00absin motivaci\u00f3n t\u00e9cnica suficiente\u00bb. La mayor\u00eda de estos estaban relacionados a la publicidad. En un comunicado oficial, el Municipio acus\u00f3 al Gobierno de realizar un \u00abbloqueo administrativo\u00bb. \u00abEstas medidas no solo detienen [&hellip;]<\/p>\n","protected":false},"author":1,"featured_media":17372,"comment_status":"open","ping_status":"open","sticky":false,"template":"","format":"standard","meta":{"footnotes":""},"categories":[12],"tags":[],"_links":{"self":[{"href":"https:\/\/infozamoraec.com\/index.php\/wp-json\/wp\/v2\/posts\/17371"}],"collection":[{"href":"https:\/\/infozamoraec.com\/index.php\/wp-json\/wp\/v2\/posts"}],"about":[{"href":"https:\/\/infozamoraec.com\/index.php\/wp-json\/wp\/v2\/types\/post"}],"author":[{"embeddable":true,"href":"https:\/\/infozamoraec.com\/index.php\/wp-json\/wp\/v2\/users\/1"}],"replies":[{"embeddable":true,"href":"https:\/\/infozamoraec.com\/index.php\/wp-json\/wp\/v2\/comments?post=17371"}],"version-history":[{"count":1,"href":"https:\/\/infozamoraec.com\/index.php\/wp-json\/wp\/v2\/posts\/17371\/revisions"}],"predecessor-version":[{"id":17373,"href":"https:\/\/infozamoraec.com\/index.php\/wp-json\/wp\/v2\/posts\/17371\/revisions\/17373"}],"wp:featuredmedia":[{"embeddable":true,"href":"https:\/\/infozamoraec.com\/index.php\/wp-json\/wp\/v2\/media\/17372"}],"wp:attachment":[{"href":"https:\/\/infozamoraec.com\/index.php\/wp-json\/wp\/v2\/media?parent=17371"}],"wp:term":[{"taxonomy":"category","embeddable":true,"href":"https:\/\/infozamoraec.com\/index.php\/wp-json\/wp\/v2\/categories?post=17371"},{"taxonomy":"post_tag","embeddable":true,"href":"https:\/\/infozamoraec.com\/index.php\/wp-json\/wp\/v2\/tags?post=17371"}],"curies":[{"name":"wp","href":"https:\/\/api.w.org\/{rel}","templated":true}]}}