{"id":17368,"date":"2025-11-21T04:15:16","date_gmt":"2025-11-21T04:15:16","guid":{"rendered":"https:\/\/infozamoraec.com\/?p=17368"},"modified":"2025-11-21T04:30:19","modified_gmt":"2025-11-21T04:30:19","slug":"zurita-dice-que-quieren-encarcelarlo-para-acabar-con-el","status":"publish","type":"post","link":"https:\/\/infozamoraec.com\/index.php\/2025\/11\/21\/zurita-dice-que-quieren-encarcelarlo-para-acabar-con-el\/","title":{"rendered":"Zurita dice que quieren encarcelarlo para acabar con \u00e9l"},"content":{"rendered":"<p>El excandidato presidencial Christian Zurita ha advertido que la orden de captura emitida en su contra por la jueza Ximena Rodr\u00edguez, de la Unidad Judicial Penal de I\u00f1aquito, es parte de un plan para \u00abacabarlo\u00bb.<\/p>\n<p>La jueza Ximena Rodr\u00edguez ha pedido su captura para que asista, el 24 de noviembre, a una audiencia de conciliaci\u00f3n\/juzgamiento dentro de una denuncia por contravenci\u00f3n contra el honor presentada por ejecutivos de la empresa Telconet, entre ellos el tambi\u00e9n excandidato presidencial Jan Topic.<\/p>\n<p>Zurita hab\u00eda sido llamado una vez por la jueza Rodr\u00edguez a una audiencia el pasado 18 de noviembre, que fue declarada fallida debido a su inasistencia.<\/p>\n<p>\u201cMe acusan de ser responsable del asesinato de Fernando (Villavicencio); me llevan a un juicio electoral a pesar de justificar los gastos de la campa\u00f1a presidencial m\u00e1s austera del 2023; ahora buscan detenerme para comparecer en un proceso de supuestos delitos de opini\u00f3n. Eso es persecuci\u00f3n, no puede ser otra cosa, lo dije p\u00fablicamente, quieren asesinar mi reputaci\u00f3n y encarcelado probablemente logren acabarme\u201d, ha advertido Zurita en un mensaje colgado en su cuenta de X.<\/p>\n<p>Periodista premiado<br \/>\nDurante la campa\u00f1a electoral de 2023, Zurita acus\u00f3 a Topic de mantener un contrato millonario con la alcald\u00eda de la ciudad costera de Guayaquil, en el cual \u2014seg\u00fan el periodista\u2014 se entregaron c\u00e1maras de videovigilancia que no funcionaban. La empresa neg\u00f3 las acusaciones y denunci\u00f3 a Zurita por calumnia.<\/p>\n<p>Zurita, de 55 a\u00f1os, y que se recupera de una reciente intervenci\u00f3n quir\u00fargica, tambi\u00e9n ha sido llamado la semana pasada a rendir su versi\u00f3n dentro del caso Magnicidio FV, que investiga el asesinato de su amigo Fernando Villavicencio, y en la que son investigados Jos\u00e9 Serrano, Xavier Jord\u00e1n, Ronny Aleaga y Daniel Salcedo como posibles autores intelectuales.<\/p>\n<p>Ha sido reconocido por su trabajo period\u00edstico de investigaci\u00f3n en los que ha divulgado casos de corrupci\u00f3n en la administraci\u00f3n p\u00fablica, entre ellos el que termin\u00f3 con la condena por corrupci\u00f3n del expresidente Rafael Correa. Fue amigo personal y coautor de un libro con Villavicencio.(I)<\/p>\n","protected":false},"excerpt":{"rendered":"<p>El excandidato presidencial Christian Zurita ha advertido que la orden de captura emitida en su contra por la jueza Ximena Rodr\u00edguez, de la Unidad Judicial Penal de I\u00f1aquito, es parte de un plan para \u00abacabarlo\u00bb. La jueza Ximena Rodr\u00edguez ha pedido su captura para que asista, el 24 de noviembre, a una audiencia de conciliaci\u00f3n\/juzgamiento [&hellip;]<\/p>\n","protected":false},"author":1,"featured_media":17369,"comment_status":"open","ping_status":"open","sticky":false,"template":"","format":"standard","meta":{"footnotes":""},"categories":[12],"tags":[],"_links":{"self":[{"href":"https:\/\/infozamoraec.com\/index.php\/wp-json\/wp\/v2\/posts\/17368"}],"collection":[{"href":"https:\/\/infozamoraec.com\/index.php\/wp-json\/wp\/v2\/posts"}],"about":[{"href":"https:\/\/infozamoraec.com\/index.php\/wp-json\/wp\/v2\/types\/post"}],"author":[{"embeddable":true,"href":"https:\/\/infozamoraec.com\/index.php\/wp-json\/wp\/v2\/users\/1"}],"replies":[{"embeddable":true,"href":"https:\/\/infozamoraec.com\/index.php\/wp-json\/wp\/v2\/comments?post=17368"}],"version-history":[{"count":1,"href":"https:\/\/infozamoraec.com\/index.php\/wp-json\/wp\/v2\/posts\/17368\/revisions"}],"predecessor-version":[{"id":17370,"href":"https:\/\/infozamoraec.com\/index.php\/wp-json\/wp\/v2\/posts\/17368\/revisions\/17370"}],"wp:featuredmedia":[{"embeddable":true,"href":"https:\/\/infozamoraec.com\/index.php\/wp-json\/wp\/v2\/media\/17369"}],"wp:attachment":[{"href":"https:\/\/infozamoraec.com\/index.php\/wp-json\/wp\/v2\/media?parent=17368"}],"wp:term":[{"taxonomy":"category","embeddable":true,"href":"https:\/\/infozamoraec.com\/index.php\/wp-json\/wp\/v2\/categories?post=17368"},{"taxonomy":"post_tag","embeddable":true,"href":"https:\/\/infozamoraec.com\/index.php\/wp-json\/wp\/v2\/tags?post=17368"}],"curies":[{"name":"wp","href":"https:\/\/api.w.org\/{rel}","templated":true}]}}