{"id":17365,"date":"2025-11-21T04:13:02","date_gmt":"2025-11-21T04:13:02","guid":{"rendered":"https:\/\/infozamoraec.com\/?p=17365"},"modified":"2025-11-21T04:13:02","modified_gmt":"2025-11-21T04:13:02","slug":"delegacion-de-zamora-participa-en-el-congretur-en-banos-de-agua-santa","status":"publish","type":"post","link":"https:\/\/infozamoraec.com\/index.php\/2025\/11\/21\/delegacion-de-zamora-participa-en-el-congretur-en-banos-de-agua-santa\/","title":{"rendered":"Delegaci\u00f3n de Zamora participa en el Congretur en Ba\u00f1os de Agua Santa"},"content":{"rendered":"<p data-start=\"187\" data-end=\"522\">Una delegaci\u00f3n del GAD Municipal de Zamora, encabezada por el concejal Franz Regalado, participa en el Congreso Nacional de Gesti\u00f3n Tur\u00edstica (Congretur), que se desarrolla en Ba\u00f1os de Agua Santa del 19 al 22 de noviembre. Al equipo se suman t\u00e9cnicos de la Unidad de Turismo, del Departamento de Gesti\u00f3n Social y emprendedores locales.<\/p>\n<p data-start=\"524\" data-end=\"770\">El concejal Franz Regalado se\u00f1al\u00f3 que la delegaci\u00f3n zamorana est\u00e1 comprometida con representar al cant\u00f3n y poner en alto el nombre de Zamora Chinchipe, destacando el trabajo conjunto de los emprendedores y de la Unidad de Turismo en este espacio.<\/p>\n<p data-start=\"524\" data-end=\"770\">El evento re\u00fane a autoridades, expertos, emprendedores y representantes de diversos territorios. CONGRETUR 2025 ofrece conferencias magistrales, espacios acad\u00e9micos, innovaci\u00f3n tur\u00edstica y una muestra nacional de iniciativas que fortalecen la sostenibilidad del sector.<\/p>\n<p data-start=\"772\" data-end=\"1176\">La presencia de Zamora en el encuentro tiene como finalidad promover productos locales, fortalecer la identidad cultural y posicionar al cant\u00f3n como un destino tur\u00edstico caracterizado por su naturaleza, cultura y hospitalidad. Seg\u00fan la delegaci\u00f3n, este es un espacio para compartir la gesti\u00f3n y la visi\u00f3n del territorio hacia un turismo responsable, que valora cada r\u00edo, sendero y manifestaci\u00f3n cultural.<\/p>\n<p data-start=\"772\" data-end=\"1176\">El mensaje de\u00a0 Zamora se orienta a visibilizar al cant\u00f3n en el contexto nacional como un destino tur\u00edstico, por su b<strong data-start=\"1211\" data-end=\"1235\">iodiversidad \u00fanica\u00a0 y p<\/strong>unto de entrada a la Amazon\u00eda ecuatoriana, hogar de una gran variedad de aves y flora. Tambi\u00e9n se promociona\u00a0 su c<strong data-start=\"1328\" data-end=\"1345\">ultura viva, mediante c<\/strong>omunidades, tradiciones y costumbres que reflejan la identidad zamorana y la a<strong data-start=\"1424\" data-end=\"1448\" data-is-only-node=\"\">ventura sostenible, que incluye r<\/strong>utas de caminata, cascadas y la calidez de su gente, ideales para el turismo responsable.<\/p>\n","protected":false},"excerpt":{"rendered":"<p>Una delegaci\u00f3n del GAD Municipal de Zamora, encabezada por el concejal Franz Regalado, participa en el Congreso Nacional de Gesti\u00f3n Tur\u00edstica (Congretur), que se desarrolla en Ba\u00f1os de Agua Santa del 19 al 22 de noviembre. Al equipo se suman t\u00e9cnicos de la Unidad de Turismo, del Departamento de Gesti\u00f3n Social y emprendedores locales. El [&hellip;]<\/p>\n","protected":false},"author":1,"featured_media":17366,"comment_status":"open","ping_status":"open","sticky":false,"template":"","format":"standard","meta":{"footnotes":""},"categories":[9],"tags":[],"_links":{"self":[{"href":"https:\/\/infozamoraec.com\/index.php\/wp-json\/wp\/v2\/posts\/17365"}],"collection":[{"href":"https:\/\/infozamoraec.com\/index.php\/wp-json\/wp\/v2\/posts"}],"about":[{"href":"https:\/\/infozamoraec.com\/index.php\/wp-json\/wp\/v2\/types\/post"}],"author":[{"embeddable":true,"href":"https:\/\/infozamoraec.com\/index.php\/wp-json\/wp\/v2\/users\/1"}],"replies":[{"embeddable":true,"href":"https:\/\/infozamoraec.com\/index.php\/wp-json\/wp\/v2\/comments?post=17365"}],"version-history":[{"count":1,"href":"https:\/\/infozamoraec.com\/index.php\/wp-json\/wp\/v2\/posts\/17365\/revisions"}],"predecessor-version":[{"id":17367,"href":"https:\/\/infozamoraec.com\/index.php\/wp-json\/wp\/v2\/posts\/17365\/revisions\/17367"}],"wp:featuredmedia":[{"embeddable":true,"href":"https:\/\/infozamoraec.com\/index.php\/wp-json\/wp\/v2\/media\/17366"}],"wp:attachment":[{"href":"https:\/\/infozamoraec.com\/index.php\/wp-json\/wp\/v2\/media?parent=17365"}],"wp:term":[{"taxonomy":"category","embeddable":true,"href":"https:\/\/infozamoraec.com\/index.php\/wp-json\/wp\/v2\/categories?post=17365"},{"taxonomy":"post_tag","embeddable":true,"href":"https:\/\/infozamoraec.com\/index.php\/wp-json\/wp\/v2\/tags?post=17365"}],"curies":[{"name":"wp","href":"https:\/\/api.w.org\/{rel}","templated":true}]}}