{"id":17361,"date":"2025-11-21T03:55:50","date_gmt":"2025-11-21T03:55:50","guid":{"rendered":"https:\/\/infozamoraec.com\/?p=17361"},"modified":"2025-11-21T03:55:50","modified_gmt":"2025-11-21T03:55:50","slug":"capacitacion-sobre-el-uso-del-facturador-electronico-se-desarrollo-en-zamora","status":"publish","type":"post","link":"https:\/\/infozamoraec.com\/index.php\/2025\/11\/21\/capacitacion-sobre-el-uso-del-facturador-electronico-se-desarrollo-en-zamora\/","title":{"rendered":"Capacitaci\u00f3n sobre el uso del facturador electr\u00f3nico se desarroll\u00f3 en Zamora"},"content":{"rendered":"<p>El GAD Municipal de Zamora, a trav\u00e9s de la Unidad de Desarrollo Social y en coordinaci\u00f3n con el Servicio de Rentas Internas (SRI), realiz\u00f3 este martes una capacitaci\u00f3n sobre el uso del Facturador Electr\u00f3nico, dirigida a emprendedores y contribuyentes del cant\u00f3n.<\/p>\n<p>La jornada se efectu\u00f3 en el sal\u00f3n auditorio del Centro Comercial Reina de El Cisne, a partir de las 15h00, y tuvo como objetivo fortalecer los conocimientos de los participantes en el manejo de esta herramienta utilizada en actividades econ\u00f3micas y comerciales.<\/p>\n<p>Durante la capacitaci\u00f3n, el equipo t\u00e9cnico del SRI expuso los procedimientos y requisitos para la correcta utilizaci\u00f3n del facturador electr\u00f3nico. Al finalizar, se entregaron certificados de participaci\u00f3n a los asistentes, en reconocimiento a su involucramiento en el proceso formativo.<\/p>\n<p>El GAD Municipal inform\u00f3 que las personas interesadas en futuras capacitaciones pueden acercarse al Departamento de Desarrollo Social, ubicado en el tercer piso de la Torre 2 de la instituci\u00f3n.<\/p>\n","protected":false},"excerpt":{"rendered":"<p>El GAD Municipal de Zamora, a trav\u00e9s de la Unidad de Desarrollo Social y en coordinaci\u00f3n con el Servicio de Rentas Internas (SRI), realiz\u00f3 este martes una capacitaci\u00f3n sobre el uso del Facturador Electr\u00f3nico, dirigida a emprendedores y contribuyentes del cant\u00f3n. La jornada se efectu\u00f3 en el sal\u00f3n auditorio del Centro Comercial Reina de El [&hellip;]<\/p>\n","protected":false},"author":1,"featured_media":17362,"comment_status":"open","ping_status":"open","sticky":false,"template":"","format":"standard","meta":{"footnotes":""},"categories":[9],"tags":[],"_links":{"self":[{"href":"https:\/\/infozamoraec.com\/index.php\/wp-json\/wp\/v2\/posts\/17361"}],"collection":[{"href":"https:\/\/infozamoraec.com\/index.php\/wp-json\/wp\/v2\/posts"}],"about":[{"href":"https:\/\/infozamoraec.com\/index.php\/wp-json\/wp\/v2\/types\/post"}],"author":[{"embeddable":true,"href":"https:\/\/infozamoraec.com\/index.php\/wp-json\/wp\/v2\/users\/1"}],"replies":[{"embeddable":true,"href":"https:\/\/infozamoraec.com\/index.php\/wp-json\/wp\/v2\/comments?post=17361"}],"version-history":[{"count":2,"href":"https:\/\/infozamoraec.com\/index.php\/wp-json\/wp\/v2\/posts\/17361\/revisions"}],"predecessor-version":[{"id":17364,"href":"https:\/\/infozamoraec.com\/index.php\/wp-json\/wp\/v2\/posts\/17361\/revisions\/17364"}],"wp:featuredmedia":[{"embeddable":true,"href":"https:\/\/infozamoraec.com\/index.php\/wp-json\/wp\/v2\/media\/17362"}],"wp:attachment":[{"href":"https:\/\/infozamoraec.com\/index.php\/wp-json\/wp\/v2\/media?parent=17361"}],"wp:term":[{"taxonomy":"category","embeddable":true,"href":"https:\/\/infozamoraec.com\/index.php\/wp-json\/wp\/v2\/categories?post=17361"},{"taxonomy":"post_tag","embeddable":true,"href":"https:\/\/infozamoraec.com\/index.php\/wp-json\/wp\/v2\/tags?post=17361"}],"curies":[{"name":"wp","href":"https:\/\/api.w.org\/{rel}","templated":true}]}}