{"id":17351,"date":"2025-11-20T04:15:09","date_gmt":"2025-11-20T04:15:09","guid":{"rendered":"https:\/\/infozamoraec.com\/?p=17351"},"modified":"2025-11-20T04:15:19","modified_gmt":"2025-11-20T04:15:19","slug":"cuba-reporta-mas-de-47-000-afectados-por-dengue-o-chikunguna","status":"publish","type":"post","link":"https:\/\/infozamoraec.com\/index.php\/2025\/11\/20\/cuba-reporta-mas-de-47-000-afectados-por-dengue-o-chikunguna\/","title":{"rendered":"Cuba reporta m\u00e1s de 47.000 afectados por dengue o chikungu\u00f1a"},"content":{"rendered":"<p>Un total de 47.125 personas se encuentran actualmente ingresados en Cuba con s\u00edntomas de dengue o chikungu\u00f1a, informaron las autoridades sanitarias del pa\u00eds el mi\u00e9rcoles (19.11.2025).<\/p>\n<p>Esta cifra m\u00e1s que duplica los 20.062 casos que hab\u00eda reconocido de enero a hoy el momento el Gobierno cubano, que por primera vez emple\u00f3 la palabra \u00abepidemia\u00bb la semana pasada para designar al brote de estas dos arbovirosis por todo el pa\u00eds.<\/p>\n<p>El director nacional de Epidemiolog\u00eda del Ministerio de Salud P\u00fablica, Francisco Dur\u00e1n, afirm\u00f3 en la televisi\u00f3n estatal que, solamente el martes, el sistema sanitario registr\u00f3 1.706 nuevos casos sospechosos de dengue o chikungu\u00f1a, y que se ingres\u00f3 a un total de 3.226 pacientes. Aclar\u00f3 que el 84,1 % de los ingresos son domiciliarios.<\/p>\n<p>Tambi\u00e9n asegur\u00f3 que solo por chikungu\u00f1a se contabilizan en la actualidad 126 personas hospitalizadas como graves, cr\u00edticos o en terapia intensiva, y que un total de 19 menores de edad se encuentran actualmente en terapia intensiva y en estado cr\u00edtico por complicaciones ligadas a esta enfermedad.<\/p>\n<p>Chikungu\u00f1a, el problema principal<br \/>\nDur\u00e1n afirm\u00f3 que \u00abpor el n\u00famero de casos\u00bb y por sus s\u00edntomas -que incluyen fiebres altas e intensos dolores articulares- esta enfermedad es \u00abel principal problema\u00bb de salud en la isla en la actualidad.<\/p>\n<p>Adem\u00e1s reconoci\u00f3 que las cifras de enfermos detectados son solamente un subregistro y no representa el n\u00famero real de infectados, porque muchas personas no acuden a los centros m\u00e9dicos.<\/p>\n<p>Cuba no cuenta con suficientes tests para confirmar la presencia del virus en cada paciente y en la mayor parte de los casos define la arbovirosis por los s\u00edntomas.<\/p>\n<p>Cuba identific\u00f3 15.590 casos de chikungu\u00f1a entre el 11 de octubre y el 1 de noviembre y acumul\u00f3 20.062 en los 10 primeros meses del a\u00f1o, seg\u00fan los \u00faltimos datos disponibles de la Organizaci\u00f3n Panamericana de la Salud (OPS).<\/p>\n<p>Con esta cifra total, la incidencia acumulada de chikungu\u00f1a en Cuba era de 183,43 casos por cada 100.000 habitantes, la mayor en todas las Am\u00e9ricas en este a\u00f1o, por encima de Brasil (112,07) y de los promedios del Caribe (43,53) y de todo el continente (26,00).<\/p>\n<p>Las capacidades de prevenci\u00f3n -principalmente mediante la fumigaci\u00f3n masiva contra los mosquitos-, control -con test para confirmar el tipo de enfermedad- y atenci\u00f3n a los enfermos se han visto comprometidas por la grave crisis econ\u00f3mica que sufre el pa\u00eds.<\/p>\n<p>gs (efe, Canal Caribe)<\/p>\n","protected":false},"excerpt":{"rendered":"<p>Un total de 47.125 personas se encuentran actualmente ingresados en Cuba con s\u00edntomas de dengue o chikungu\u00f1a, informaron las autoridades sanitarias del pa\u00eds el mi\u00e9rcoles (19.11.2025). Esta cifra m\u00e1s que duplica los 20.062 casos que hab\u00eda reconocido de enero a hoy el momento el Gobierno cubano, que por primera vez emple\u00f3 la palabra \u00abepidemia\u00bb la [&hellip;]<\/p>\n","protected":false},"author":1,"featured_media":17352,"comment_status":"open","ping_status":"open","sticky":false,"template":"","format":"standard","meta":{"footnotes":""},"categories":[8],"tags":[],"_links":{"self":[{"href":"https:\/\/infozamoraec.com\/index.php\/wp-json\/wp\/v2\/posts\/17351"}],"collection":[{"href":"https:\/\/infozamoraec.com\/index.php\/wp-json\/wp\/v2\/posts"}],"about":[{"href":"https:\/\/infozamoraec.com\/index.php\/wp-json\/wp\/v2\/types\/post"}],"author":[{"embeddable":true,"href":"https:\/\/infozamoraec.com\/index.php\/wp-json\/wp\/v2\/users\/1"}],"replies":[{"embeddable":true,"href":"https:\/\/infozamoraec.com\/index.php\/wp-json\/wp\/v2\/comments?post=17351"}],"version-history":[{"count":1,"href":"https:\/\/infozamoraec.com\/index.php\/wp-json\/wp\/v2\/posts\/17351\/revisions"}],"predecessor-version":[{"id":17353,"href":"https:\/\/infozamoraec.com\/index.php\/wp-json\/wp\/v2\/posts\/17351\/revisions\/17353"}],"wp:featuredmedia":[{"embeddable":true,"href":"https:\/\/infozamoraec.com\/index.php\/wp-json\/wp\/v2\/media\/17352"}],"wp:attachment":[{"href":"https:\/\/infozamoraec.com\/index.php\/wp-json\/wp\/v2\/media?parent=17351"}],"wp:term":[{"taxonomy":"category","embeddable":true,"href":"https:\/\/infozamoraec.com\/index.php\/wp-json\/wp\/v2\/categories?post=17351"},{"taxonomy":"post_tag","embeddable":true,"href":"https:\/\/infozamoraec.com\/index.php\/wp-json\/wp\/v2\/tags?post=17351"}],"curies":[{"name":"wp","href":"https:\/\/api.w.org\/{rel}","templated":true}]}}