{"id":17348,"date":"2025-11-20T04:13:03","date_gmt":"2025-11-20T04:13:03","guid":{"rendered":"https:\/\/infozamoraec.com\/?p=17348"},"modified":"2025-11-20T04:13:03","modified_gmt":"2025-11-20T04:13:03","slug":"petro-niega-haber-violado-derecho-humanitario-con-bombardeos","status":"publish","type":"post","link":"https:\/\/infozamoraec.com\/index.php\/2025\/11\/20\/petro-niega-haber-violado-derecho-humanitario-con-bombardeos\/","title":{"rendered":"Petro niega haber violado derecho humanitario con bombardeos"},"content":{"rendered":"<p>El presidente de Colombia, Gustavo Petro, asegur\u00f3 el mi\u00e9rcoles (19.11.2025) que su Gobierno no ha violado el derecho internacional humanitario (DIH) en los bombardeos ejecutados en las \u00faltimas semanas, en los que murieron al menos 12 menores reclutados por los grupos armados ilegales.<\/p>\n<p>\u00abNo queremos que se nos compare o se nos asigne como si hubi\u00e9ramos violado el derecho internacional humanitario, que ninguno de aqu\u00ed lo ha hecho\u00bb, expres\u00f3 Petro en una alocuci\u00f3n en la que estuvo acompa\u00f1ado por el ministro de Defensa, Pedro S\u00e1nchez Su\u00e1rez, y el comandante de las Fuerzas Militares, el almirante Francisco Cubides.<\/p>\n<p>El mandatario dijo adem\u00e1s que de 1.404 combates de las Fuerzas Militares y de Polic\u00eda sostenidos durante su Gobierno (que comenz\u00f3 el 7 de agosto de 2022) solo en 13 hubo bombardeos, porque este tipo de ataques supone \u00abel uso de una mayor potencia\u00bb y hay \u00abque tener cuidado\u00bb para no afectar a la poblaci\u00f3n civil.<\/p>\n<p>El presidente precis\u00f3 que las Fuerzas Militares han tenido \u00abel cuidado suficiente para que no caiga poblaci\u00f3n civil en los combates y eso se llama principio de distinci\u00f3n en el derecho internacional humanitario\u00bb.<\/p>\n<p>El Gobierno contabiliza 12 menores reclutados por el Estado Mayor Central (EMC), la principal disidencia de las FARC, fallecidos en los recientes bombardeos y otros tres en enfrentamientos directos, y acusa a ese grupo armado por incorporar a sus filas de manera forzada a ni\u00f1os, ni\u00f1as y adolescentes.<\/p>\n<p>Las operaciones han abierto un debate sobre el cumplimiento del DIH, la responsabilidad del Estado y el papel de los grupos armados en el reclutamiento de menores. Tambi\u00e9n han generado controversia porque fueron aprobadas por el propio Petro, que desde la oposici\u00f3n condenaba este tipo de ataques.<\/p>\n<p>Acusar\u00e1 a Iv\u00e1n Mordisco por reclutar a menores<br \/>\nEn ese sentido, el presidente asegur\u00f3 que en los bombardeos que autoriz\u00f3 \u00abcaen menores de edad como combatientes\u00bb y reivindic\u00f3 que las Fuerzas Miliares no bombardearon \u00abun caser\u00edo\u00bb, sino que han atacado grupos armados \u00abque se mueven en el interior de la selva y muy lejos de alg\u00fan caser\u00edo\u00bb.<\/p>\n<p>\u00abEs una fuerza armada completamente, en todos sus integrantes, y en esa fuerza van menores y no lo sab\u00edamos exactamente. Se puede presumir la presencia de menores por la actividad que va contra el Estatuto de Roma y el derecho internacional humanitario\u00bb, explic\u00f3.<\/p>\n<p>Por esa raz\u00f3n, el mandatario dijo que denunciar\u00e1 a N\u00e9stor Gregorio Vera, alias Iv\u00e1n Mordisco, el hombre m\u00e1s buscado del pa\u00eds, ante la Corte Penal Internacional (CPI) por reclutar a menores, lo que lo hace \u00abun criminal de guerra\u00bb.<\/p>\n<p>El Gobierno colombiano aument\u00f3 en septiembre pasado a 5.000 millones de pesos (unos 1,3 millones de d\u00f3lares), la recompensa por informaci\u00f3n que permita capturar a Iv\u00e1n Mordisco, a quien las autoridades responsabilizan de ataques a la Polic\u00eda y al Ej\u00e9rcito.<\/p>\n<p>gs (efe, El Espectador)<\/p>\n","protected":false},"excerpt":{"rendered":"<p>El presidente de Colombia, Gustavo Petro, asegur\u00f3 el mi\u00e9rcoles (19.11.2025) que su Gobierno no ha violado el derecho internacional humanitario (DIH) en los bombardeos ejecutados en las \u00faltimas semanas, en los que murieron al menos 12 menores reclutados por los grupos armados ilegales. \u00abNo queremos que se nos compare o se nos asigne como si [&hellip;]<\/p>\n","protected":false},"author":1,"featured_media":17349,"comment_status":"open","ping_status":"open","sticky":false,"template":"","format":"standard","meta":{"footnotes":""},"categories":[8],"tags":[],"_links":{"self":[{"href":"https:\/\/infozamoraec.com\/index.php\/wp-json\/wp\/v2\/posts\/17348"}],"collection":[{"href":"https:\/\/infozamoraec.com\/index.php\/wp-json\/wp\/v2\/posts"}],"about":[{"href":"https:\/\/infozamoraec.com\/index.php\/wp-json\/wp\/v2\/types\/post"}],"author":[{"embeddable":true,"href":"https:\/\/infozamoraec.com\/index.php\/wp-json\/wp\/v2\/users\/1"}],"replies":[{"embeddable":true,"href":"https:\/\/infozamoraec.com\/index.php\/wp-json\/wp\/v2\/comments?post=17348"}],"version-history":[{"count":1,"href":"https:\/\/infozamoraec.com\/index.php\/wp-json\/wp\/v2\/posts\/17348\/revisions"}],"predecessor-version":[{"id":17350,"href":"https:\/\/infozamoraec.com\/index.php\/wp-json\/wp\/v2\/posts\/17348\/revisions\/17350"}],"wp:featuredmedia":[{"embeddable":true,"href":"https:\/\/infozamoraec.com\/index.php\/wp-json\/wp\/v2\/media\/17349"}],"wp:attachment":[{"href":"https:\/\/infozamoraec.com\/index.php\/wp-json\/wp\/v2\/media?parent=17348"}],"wp:term":[{"taxonomy":"category","embeddable":true,"href":"https:\/\/infozamoraec.com\/index.php\/wp-json\/wp\/v2\/categories?post=17348"},{"taxonomy":"post_tag","embeddable":true,"href":"https:\/\/infozamoraec.com\/index.php\/wp-json\/wp\/v2\/tags?post=17348"}],"curies":[{"name":"wp","href":"https:\/\/api.w.org\/{rel}","templated":true}]}}