{"id":17338,"date":"2025-11-20T04:06:59","date_gmt":"2025-11-20T04:06:59","guid":{"rendered":"https:\/\/infozamoraec.com\/?p=17338"},"modified":"2025-11-20T04:06:59","modified_gmt":"2025-11-20T04:06:59","slug":"director-regional-del-ministerio-del-trabajo-renuncia-por-supuestas-presiones-del-nuevo-ministro-harold-burbano-lo-desmiente","status":"publish","type":"post","link":"https:\/\/infozamoraec.com\/index.php\/2025\/11\/20\/director-regional-del-ministerio-del-trabajo-renuncia-por-supuestas-presiones-del-nuevo-ministro-harold-burbano-lo-desmiente\/","title":{"rendered":"Director regional del Ministerio del Trabajo renuncia por supuestas presiones del nuevo ministro, Harold Burbano lo desmiente"},"content":{"rendered":"<p>El director regional de Trabajo de Quito del Ministerio del Trabajo, Christian Alfredo Mar\u00edn Lavayen, renunci\u00f3 a su cargo luego de alertar supuestas presiones del nuevo ministro, Harold Burbano, para levantar el impedimento que pesaba en contra de \u00c1lvaro Rosero, nuevo ministro de Gobierno.<\/p>\n<p>El exfuncionario present\u00f3 su renuncia este mi\u00e9rcoles, 19 de noviembre de 2025, a trav\u00e9s de un oficio dirigido a Harold Burbano.<\/p>\n<p>En el escrito, Christian Alfredo Mar\u00edn dice que este 19 de noviembre, \u201cen las instalaciones de la Direcci\u00f3n Regional Quito, el se\u00f1or ministro de Trabajo, acompa\u00f1ado de su equipo, ingres\u00f3 de manera altanera y prepotente con la exigencia inmediata de que proceda a levantar un impedimento para el ejercicio de funci\u00f3n p\u00fablica a favor del se\u00f1or Rosero, quien iba a ser designado Ministro de Gobierno\u201d.<\/p>\n<p>En la comunicaci\u00f3n, el exdirector regional observa que esta exigencia, \u201cadem\u00e1s de improcedente y ajena a mis competencias, desconoce que la autoridad encargada de tramitar, verificar y resolver sobre impedimentos para ocupar cargos p\u00fablicos es la Direcci\u00f3n de Control y Servicio P\u00fablico de Quito, y no la Direcci\u00f3n Regional de Trabajo\u201d.<\/p>\n<p>\u201cEste procedimiento es t\u00e9cnico, reglado y no puede depender de \u00f3rdenes verbales o presiones jer\u00e1rquicas\u201d, dice el texto.<\/p>\n<p>Asimismo, Mar\u00edn comenta que esto fue explicado y puesto en conocimiento de los asesores que acompa\u00f1aban al ministro Burbano. \u201cEllos mismos desconoc\u00edan el procedimiento y no ten\u00edan raz\u00f3n jur\u00eddica alguna para solicitarlo en la forma en que lo exigieron\u201d, reza la misiva.<\/p>\n<p>Con este contexto, el exfuncionario de esta cartera de Estado alert\u00f3 que \u201cpretender obtener un acto administrativo ilegal mediante presi\u00f3n jer\u00e1rquica constituye tr\u00e1fico de influencias, conducta tipificada y sancionada en el Art. 285 del COIP, con pena privativa de libertad de tres a cinco a\u00f1os, conducta en la cual incurri\u00f3 de manera presunta el actual Ministro de Trabajo al solicitar dicho impedimento de manera irregular y contraria a la ley\u201d.<\/p>\n<p>\u201cPor mi \u00e9tica, por mi formaci\u00f3n y por mis principios, no me presto ni me prestar\u00e9 jam\u00e1s para este tipo de requerimientos ilegales, dejando absolutamente claro que la disposici\u00f3n recibida fue efectivamente esa y en los t\u00e9rminos que aqu\u00ed describo\u201d, enfatiza Christian Alfredo Mar\u00edn en su renuncia.<\/p>\n<p>El ministro Harold Burbano, quien por disposici\u00f3n del presidente Daniel Noboa, el 18 de noviembre, pas\u00f3 del Ministerio de Desarrollo Humano a la cartera de Trabajo, reaccion\u00f3 a estos se\u00f1alamientos y dijo que se trata de \u201copositores amplificando mentiras\u201d.<\/p>\n<p>El flamante ministro del Trabajo defendi\u00f3 que \u201cla desvinculaci\u00f3n del funcionario Christian Alfredo Mar\u00edn fue notificada oficialmente a las 17:31, seg\u00fan memorando Nro. MDT-MDT-2025-0798-M, una hora despu\u00e9s, present\u00f3 una renuncia por resistencia al cambio, alegando intimidaci\u00f3n, afirmaci\u00f3n que es completamente falsa\u201d.<\/p>\n<p>\u201cPuro show. En nuestro equipo actuamos con transparencia, responsabilidad y respeto\u201d, escribi\u00f3 Burbano en su cuenta de X.<\/p>\n","protected":false},"excerpt":{"rendered":"<p>El director regional de Trabajo de Quito del Ministerio del Trabajo, Christian Alfredo Mar\u00edn Lavayen, renunci\u00f3 a su cargo luego de alertar supuestas presiones del nuevo ministro, Harold Burbano, para levantar el impedimento que pesaba en contra de \u00c1lvaro Rosero, nuevo ministro de Gobierno. El exfuncionario present\u00f3 su renuncia este mi\u00e9rcoles, 19 de noviembre de [&hellip;]<\/p>\n","protected":false},"author":1,"featured_media":17339,"comment_status":"open","ping_status":"open","sticky":false,"template":"","format":"standard","meta":{"footnotes":""},"categories":[12],"tags":[],"_links":{"self":[{"href":"https:\/\/infozamoraec.com\/index.php\/wp-json\/wp\/v2\/posts\/17338"}],"collection":[{"href":"https:\/\/infozamoraec.com\/index.php\/wp-json\/wp\/v2\/posts"}],"about":[{"href":"https:\/\/infozamoraec.com\/index.php\/wp-json\/wp\/v2\/types\/post"}],"author":[{"embeddable":true,"href":"https:\/\/infozamoraec.com\/index.php\/wp-json\/wp\/v2\/users\/1"}],"replies":[{"embeddable":true,"href":"https:\/\/infozamoraec.com\/index.php\/wp-json\/wp\/v2\/comments?post=17338"}],"version-history":[{"count":1,"href":"https:\/\/infozamoraec.com\/index.php\/wp-json\/wp\/v2\/posts\/17338\/revisions"}],"predecessor-version":[{"id":17340,"href":"https:\/\/infozamoraec.com\/index.php\/wp-json\/wp\/v2\/posts\/17338\/revisions\/17340"}],"wp:featuredmedia":[{"embeddable":true,"href":"https:\/\/infozamoraec.com\/index.php\/wp-json\/wp\/v2\/media\/17339"}],"wp:attachment":[{"href":"https:\/\/infozamoraec.com\/index.php\/wp-json\/wp\/v2\/media?parent=17338"}],"wp:term":[{"taxonomy":"category","embeddable":true,"href":"https:\/\/infozamoraec.com\/index.php\/wp-json\/wp\/v2\/categories?post=17338"},{"taxonomy":"post_tag","embeddable":true,"href":"https:\/\/infozamoraec.com\/index.php\/wp-json\/wp\/v2\/tags?post=17338"}],"curies":[{"name":"wp","href":"https:\/\/api.w.org\/{rel}","templated":true}]}}