{"id":17335,"date":"2025-11-20T04:05:10","date_gmt":"2025-11-20T04:05:10","guid":{"rendered":"https:\/\/infozamoraec.com\/?p=17335"},"modified":"2025-11-20T04:05:10","modified_gmt":"2025-11-20T04:05:10","slug":"marcela-aguinaga-buscara-reeleccion-con-el-correismo-pese-a-negativa-de-luisa","status":"publish","type":"post","link":"https:\/\/infozamoraec.com\/index.php\/2025\/11\/20\/marcela-aguinaga-buscara-reeleccion-con-el-correismo-pese-a-negativa-de-luisa\/","title":{"rendered":"Marcela Agui\u00f1aga buscar\u00e1 reelecci\u00f3n con el corre\u00edsmo pese a negativa de Luisa"},"content":{"rendered":"<p>La actual prefecta del Guayas, Marcela Agui\u00f1aga, respondi\u00f3 a las declaraciones de la presidenta de la Revoluci\u00f3n Ciudadana, Luisa Gonz\u00e1lez. Gonz\u00e1lez precis\u00f3 que Agui\u00f1aga no ser\u00e1 candidata por el corre\u00edsmo en las pr\u00f3ximas eleccionas.<\/p>\n<p>De su lado, la prefecta a\u00f1adi\u00f3: \u00abNo le doy o\u00eddos a cosas que no valen la pena\u00ab, dijo la funcionaria a medios este mi\u00e9rcoles, apuntando que no ha dirigido su atenci\u00f3n a la pol\u00e9mica, y que, en cambio se encuentra enfocada en labores de prevenci\u00f3n para las afectaciones previstas por la \u00e9poca invernal.<\/p>\n<p>Asimismo, afirm\u00f3 que mantiene la intenci\u00f3n de postularse nuevamente con el respaldo de la Revoluci\u00f3n Ciudadana, un movimiento que ella indic\u00f3 \u00abayud\u00f3 a que fuera construido\u00bb. Adem\u00e1s, rest\u00f3 importancia a los comentarios de Gonz\u00e1lez, a los que calific\u00f3 simplemente como \u00abuna opini\u00f3n\u00bb.<\/p>\n<p>Luisa carga contra \u00c1lvarez y Agui\u00f1aga<br \/>\nLuisa dijo que ellos ni se ilusionen con una nueva candidatura con el Movimiento Revoluci\u00f3n Ciudadana que preside. A ello, Correa fue el primero en reaccionar y expres\u00f3 en una entrevista con el asamble\u00edsta del corre\u00edsmo Xavier Lasso dijo que esas declaraciones son \u201cpor lo menos, inoportunas\u201d, y sostuvo que las candidaturas no se definen por afinidad personal, sino mediante estrategias y encuestas internas. (I)<\/p>\n","protected":false},"excerpt":{"rendered":"<p>La actual prefecta del Guayas, Marcela Agui\u00f1aga, respondi\u00f3 a las declaraciones de la presidenta de la Revoluci\u00f3n Ciudadana, Luisa Gonz\u00e1lez. Gonz\u00e1lez precis\u00f3 que Agui\u00f1aga no ser\u00e1 candidata por el corre\u00edsmo en las pr\u00f3ximas eleccionas. De su lado, la prefecta a\u00f1adi\u00f3: \u00abNo le doy o\u00eddos a cosas que no valen la pena\u00ab, dijo la funcionaria a [&hellip;]<\/p>\n","protected":false},"author":1,"featured_media":17336,"comment_status":"open","ping_status":"open","sticky":false,"template":"","format":"standard","meta":{"footnotes":""},"categories":[12],"tags":[],"_links":{"self":[{"href":"https:\/\/infozamoraec.com\/index.php\/wp-json\/wp\/v2\/posts\/17335"}],"collection":[{"href":"https:\/\/infozamoraec.com\/index.php\/wp-json\/wp\/v2\/posts"}],"about":[{"href":"https:\/\/infozamoraec.com\/index.php\/wp-json\/wp\/v2\/types\/post"}],"author":[{"embeddable":true,"href":"https:\/\/infozamoraec.com\/index.php\/wp-json\/wp\/v2\/users\/1"}],"replies":[{"embeddable":true,"href":"https:\/\/infozamoraec.com\/index.php\/wp-json\/wp\/v2\/comments?post=17335"}],"version-history":[{"count":1,"href":"https:\/\/infozamoraec.com\/index.php\/wp-json\/wp\/v2\/posts\/17335\/revisions"}],"predecessor-version":[{"id":17337,"href":"https:\/\/infozamoraec.com\/index.php\/wp-json\/wp\/v2\/posts\/17335\/revisions\/17337"}],"wp:featuredmedia":[{"embeddable":true,"href":"https:\/\/infozamoraec.com\/index.php\/wp-json\/wp\/v2\/media\/17336"}],"wp:attachment":[{"href":"https:\/\/infozamoraec.com\/index.php\/wp-json\/wp\/v2\/media?parent=17335"}],"wp:term":[{"taxonomy":"category","embeddable":true,"href":"https:\/\/infozamoraec.com\/index.php\/wp-json\/wp\/v2\/categories?post=17335"},{"taxonomy":"post_tag","embeddable":true,"href":"https:\/\/infozamoraec.com\/index.php\/wp-json\/wp\/v2\/tags?post=17335"}],"curies":[{"name":"wp","href":"https:\/\/api.w.org\/{rel}","templated":true}]}}