{"id":17332,"date":"2025-11-20T04:03:22","date_gmt":"2025-11-20T04:03:22","guid":{"rendered":"https:\/\/infozamoraec.com\/?p=17332"},"modified":"2025-11-20T04:03:22","modified_gmt":"2025-11-20T04:03:22","slug":"aquiles-a-luisa-es-verdad-yo-no-he-hecho-un-camino-partidista-en-la-revolucion-ciudadana","status":"publish","type":"post","link":"https:\/\/infozamoraec.com\/index.php\/2025\/11\/20\/aquiles-a-luisa-es-verdad-yo-no-he-hecho-un-camino-partidista-en-la-revolucion-ciudadana\/","title":{"rendered":"Aquiles a Luisa: \u00abes verdad, yo no he hecho un camino partidista en la Revoluci\u00f3n Ciudadana"},"content":{"rendered":"<p>El alcalde de Guayaquil, Aquiles \u00c1lvarez, ha acentuado que no pertenece a la Revoluci\u00f3n Ciudadana y ha discrepado con la directora de ese partido, Luisa Gonz\u00e1lez, que se ha atribuido el triunfo del NO, en la consulta popular convocada por el presidente Daniel Noboa.<\/p>\n<p>\u201cYo no comparto. Para m\u00ed el triunfo es del colectivo, el triunfo es de la gente, el triunfo es de la calle\u201d, dijo el alcalde.<\/p>\n<p>\u00c1lvarez reconoci\u00f3 que el no ha hecho militancia en el movimiento corre\u00edsta. \u00abEn el fondo, no ha dicho mentiras, es verdad, yo no he hecho un camino partidista en la Revoluci\u00f3n Ciudadana\u00bb.<\/p>\n<p>\u00abLo que nos une es la relaci\u00f3n directa de amistad que tengo con el expresidente Rafael Correa. Eso es lo que nos une, pero lo que m\u00e1s nos une es lo que comparto en visi\u00f3n social y gesti\u00f3n\u00bb, enfatiz\u00f3.<\/p>\n<p>\u00abSi a ella le molesta eso (mi relaci\u00f3n con Correa), ya es un tema personal. Igual le mando un abrazo, le recomiendo que se tranquilice, porque a la interna de la RC, donde ella s\u00ed es parte, lo \u00fanico que genera es m\u00e1s rechazo\u00bb, agreg\u00f3 \u00c1lvarez.<\/p>\n<p>Critica a Noboa<br \/>\n\u00abEs momento de buscar alianzas de verdad, no seguir minando puentes\u00bb, dijo, y agreg\u00f3 que, a pesar de los ataques, Gonz\u00e1lez \u00abtiene las puertas abiertas\u00bb en su administraci\u00f3n, aunque aclar\u00f3: \u00abNo me afectan para nada sus declaraciones\u00bb.<\/p>\n<p>Aquiles critic\u00f3 tambi\u00e9n al presidente Daniel Noboa. \u201cNo podemos tener l\u00edderes que est\u00e9n desconectados de la realidad. Que se vayan a votar en Porsche, en Ol\u00f3n, cuando la gente no tiene ni para comer. Yo lo tomo como una burla para los ecuatorianos\u201d, dijo.<\/p>\n","protected":false},"excerpt":{"rendered":"<p>El alcalde de Guayaquil, Aquiles \u00c1lvarez, ha acentuado que no pertenece a la Revoluci\u00f3n Ciudadana y ha discrepado con la directora de ese partido, Luisa Gonz\u00e1lez, que se ha atribuido el triunfo del NO, en la consulta popular convocada por el presidente Daniel Noboa. \u201cYo no comparto. Para m\u00ed el triunfo es del colectivo, el [&hellip;]<\/p>\n","protected":false},"author":1,"featured_media":17333,"comment_status":"open","ping_status":"open","sticky":false,"template":"","format":"standard","meta":{"footnotes":""},"categories":[12],"tags":[],"_links":{"self":[{"href":"https:\/\/infozamoraec.com\/index.php\/wp-json\/wp\/v2\/posts\/17332"}],"collection":[{"href":"https:\/\/infozamoraec.com\/index.php\/wp-json\/wp\/v2\/posts"}],"about":[{"href":"https:\/\/infozamoraec.com\/index.php\/wp-json\/wp\/v2\/types\/post"}],"author":[{"embeddable":true,"href":"https:\/\/infozamoraec.com\/index.php\/wp-json\/wp\/v2\/users\/1"}],"replies":[{"embeddable":true,"href":"https:\/\/infozamoraec.com\/index.php\/wp-json\/wp\/v2\/comments?post=17332"}],"version-history":[{"count":1,"href":"https:\/\/infozamoraec.com\/index.php\/wp-json\/wp\/v2\/posts\/17332\/revisions"}],"predecessor-version":[{"id":17334,"href":"https:\/\/infozamoraec.com\/index.php\/wp-json\/wp\/v2\/posts\/17332\/revisions\/17334"}],"wp:featuredmedia":[{"embeddable":true,"href":"https:\/\/infozamoraec.com\/index.php\/wp-json\/wp\/v2\/media\/17333"}],"wp:attachment":[{"href":"https:\/\/infozamoraec.com\/index.php\/wp-json\/wp\/v2\/media?parent=17332"}],"wp:term":[{"taxonomy":"category","embeddable":true,"href":"https:\/\/infozamoraec.com\/index.php\/wp-json\/wp\/v2\/categories?post=17332"},{"taxonomy":"post_tag","embeddable":true,"href":"https:\/\/infozamoraec.com\/index.php\/wp-json\/wp\/v2\/tags?post=17332"}],"curies":[{"name":"wp","href":"https:\/\/api.w.org\/{rel}","templated":true}]}}