{"id":17328,"date":"2025-11-20T04:00:23","date_gmt":"2025-11-20T04:00:23","guid":{"rendered":"https:\/\/infozamoraec.com\/?p=17328"},"modified":"2025-11-20T04:00:23","modified_gmt":"2025-11-20T04:00:23","slug":"palanda-presenta-su-cartelera-oficial-de-festividades-de-cantonizacion-en-rueda-de-prensa-en-loja","status":"publish","type":"post","link":"https:\/\/infozamoraec.com\/index.php\/2025\/11\/20\/palanda-presenta-su-cartelera-oficial-de-festividades-de-cantonizacion-en-rueda-de-prensa-en-loja\/","title":{"rendered":"Palanda presenta su cartelera oficial de festividades de cantonizaci\u00f3n en rueda de prensa en Loja"},"content":{"rendered":"<p data-start=\"103\" data-end=\"491\">Este mi\u00e9rcoles 19 de noviembre, en la Gobernaci\u00f3n de Loja, se realiz\u00f3 la rueda de prensa oficial para anunciar la <strong data-start=\"217\" data-end=\"245\">cartelera de actividades<\/strong> por las pr\u00f3ximas festividades de cantonizaci\u00f3n del cant\u00f3n <strong data-start=\"304\" data-end=\"315\">Palanda<\/strong>. El encuentro cont\u00f3 con la participaci\u00f3n del <strong data-start=\"361\" data-end=\"386\">Ministerio de Turismo<\/strong>, el <strong data-start=\"391\" data-end=\"416\">Jefe Pol\u00edtico de Loja<\/strong>, y representantes de las empresas auspiciantes <strong data-start=\"464\" data-end=\"475\">Armendi<\/strong> y <strong data-start=\"478\" data-end=\"490\">Velocity<\/strong>.<\/p>\n<p data-start=\"493\" data-end=\"937\">Durante la presentaci\u00f3n, se dio a conocer la <strong data-start=\"538\" data-end=\"601\">programaci\u00f3n que se desarrollar\u00e1 desde finales de noviembre<\/strong>, la cual incluye eventos culturales, art\u00edsticos, deportivos y productivos. La agenda contempla actividades como la <strong data-start=\"717\" data-end=\"754\">Expoferia de Integraci\u00f3n Cantonal<\/strong>, concursos tradicionales, muestras gastron\u00f3micas, shows art\u00edsticos y espacios dedicados a resaltar la identidad cultural de Palanda, reconocido como la <strong data-start=\"907\" data-end=\"936\">cuna del origen del cacao<\/strong>.<\/p>\n<p data-start=\"939\" data-end=\"1391\">El alcalde <strong data-start=\"950\" data-end=\"979\">Segundo Jaramillo Quezada<\/strong> inform\u00f3 a los medios que esta agenda es resultado del trabajo conjunto entre instituciones p\u00fablicas y empresas privadas, con el prop\u00f3sito de ofrecer una celebraci\u00f3n amplia y atractiva tanto para habitantes del cant\u00f3n como para turistas. \u201cEstas festividades buscan proyectar a Palanda como un destino tur\u00edstico y productivo, fortaleciendo nuestras tradiciones y generando dinamismo econ\u00f3mico para todos\u201d, se\u00f1al\u00f3.<\/p>\n<p data-start=\"1393\" data-end=\"1680\">Por su parte, las empresas auspiciantes <strong data-start=\"1433\" data-end=\"1444\">Armendi<\/strong> y <strong data-start=\"1447\" data-end=\"1459\">Velocity<\/strong> ratificaron su compromiso con el impulso al desarrollo local, mientras que las autoridades presentes destacaron que estas celebraciones representan una oportunidad para posicionar al cant\u00f3n a nivel provincial y nacional.<\/p>\n<p data-start=\"1682\" data-end=\"1878\" data-is-last-node=\"\" data-is-only-node=\"\">Con esta presentaci\u00f3n oficial, <strong data-start=\"1713\" data-end=\"1724\">Palanda<\/strong> se alista para vivir jornadas de integraci\u00f3n, cultura y progreso, e invita a la ciudadan\u00eda a participar activamente en sus festividades de cantonizaci\u00f3n.<\/p>\n","protected":false},"excerpt":{"rendered":"<p>Este mi\u00e9rcoles 19 de noviembre, en la Gobernaci\u00f3n de Loja, se realiz\u00f3 la rueda de prensa oficial para anunciar la cartelera de actividades por las pr\u00f3ximas festividades de cantonizaci\u00f3n del cant\u00f3n Palanda. El encuentro cont\u00f3 con la participaci\u00f3n del Ministerio de Turismo, el Jefe Pol\u00edtico de Loja, y representantes de las empresas auspiciantes Armendi y [&hellip;]<\/p>\n","protected":false},"author":1,"featured_media":17329,"comment_status":"open","ping_status":"open","sticky":false,"template":"","format":"standard","meta":{"footnotes":""},"categories":[9],"tags":[],"_links":{"self":[{"href":"https:\/\/infozamoraec.com\/index.php\/wp-json\/wp\/v2\/posts\/17328"}],"collection":[{"href":"https:\/\/infozamoraec.com\/index.php\/wp-json\/wp\/v2\/posts"}],"about":[{"href":"https:\/\/infozamoraec.com\/index.php\/wp-json\/wp\/v2\/types\/post"}],"author":[{"embeddable":true,"href":"https:\/\/infozamoraec.com\/index.php\/wp-json\/wp\/v2\/users\/1"}],"replies":[{"embeddable":true,"href":"https:\/\/infozamoraec.com\/index.php\/wp-json\/wp\/v2\/comments?post=17328"}],"version-history":[{"count":2,"href":"https:\/\/infozamoraec.com\/index.php\/wp-json\/wp\/v2\/posts\/17328\/revisions"}],"predecessor-version":[{"id":17331,"href":"https:\/\/infozamoraec.com\/index.php\/wp-json\/wp\/v2\/posts\/17328\/revisions\/17331"}],"wp:featuredmedia":[{"embeddable":true,"href":"https:\/\/infozamoraec.com\/index.php\/wp-json\/wp\/v2\/media\/17329"}],"wp:attachment":[{"href":"https:\/\/infozamoraec.com\/index.php\/wp-json\/wp\/v2\/media?parent=17328"}],"wp:term":[{"taxonomy":"category","embeddable":true,"href":"https:\/\/infozamoraec.com\/index.php\/wp-json\/wp\/v2\/categories?post=17328"},{"taxonomy":"post_tag","embeddable":true,"href":"https:\/\/infozamoraec.com\/index.php\/wp-json\/wp\/v2\/tags?post=17328"}],"curies":[{"name":"wp","href":"https:\/\/api.w.org\/{rel}","templated":true}]}}