{"id":17324,"date":"2025-11-20T03:55:50","date_gmt":"2025-11-20T03:55:50","guid":{"rendered":"https:\/\/infozamoraec.com\/?p=17324"},"modified":"2025-11-20T03:55:50","modified_gmt":"2025-11-20T03:55:50","slug":"el-pangui-impulsa-la-conciencia-ambiental-con-la-campana-reciclando-por-un-mejor-futuro","status":"publish","type":"post","link":"https:\/\/infozamoraec.com\/index.php\/2025\/11\/20\/el-pangui-impulsa-la-conciencia-ambiental-con-la-campana-reciclando-por-un-mejor-futuro\/","title":{"rendered":"El Pangui impulsa la conciencia ambiental con la campa\u00f1a \u201cReciclando por un Mejor Futuro\u201d"},"content":{"rendered":"<p>El cant\u00f3n El Pangui desarroll\u00f3 este jueves la campa\u00f1a \u201cReciclando por un Mejor Futuro\u201d, una iniciativa organizada por el GAD Municipal en coordinaci\u00f3n con CB Cooperativa, con el objetivo de promover la cultura del reciclaje y aportar al cuidado del medio ambiente.<\/p>\n<p>Durante la jornada, conocida por su ambiente participativo y alegre, decenas de ciudadanos recorrieron distintos sectores de la cabecera cantonal, denominada \u201cLa Orqu\u00eddea de la Amazon\u00eda\u201d, recolectando y clasificando materiales como cart\u00f3n, pl\u00e1stico, aluminio y papel. Estos insumos ser\u00e1n posteriormente comercializados para apoyar a grupos de atenci\u00f3n prioritaria.<\/p>\n<p>El concejal Segundo Encarnaci\u00f3n, quien particip\u00f3 de la actividad, se\u00f1al\u00f3 que la campa\u00f1a busca \u201cmotivar a la gente para reciclar, adem\u00e1s de cuidar y limpiar el pueblo\u201d. Agradeci\u00f3 tambi\u00e9n el compromiso de la ciudadan\u00eda y expres\u00f3 su deseo de que estas acciones se contin\u00faen replicando.<\/p>\n<p>Por su parte, Heidy C\u00e1rdenas, t\u00e9cnica ambiental del municipio, destac\u00f3 que detr\u00e1s de esta iniciativa existe un fuerte inter\u00e9s por el cuidado del entorno natural, especialmente cuando permite generar recursos para sectores vulnerables.<\/p>\n<p>De igual manera, Juan P\u00e9rez, coordinador de Responsabilidad Social de CB Cooperativa, resalt\u00f3 el compromiso del municipio y record\u00f3 que este es el tercer a\u00f1o consecutivo en que se impulsa esta campa\u00f1a ambiental.<\/p>\n<p>La vicealcaldesa Mayra Quezada calific\u00f3 la actividad como exitosa y agradeci\u00f3 a todos quienes se sumaron al esfuerzo: \u201cfue muy gratificante aportar con un granito de arena para cuidar nuestro planeta\u201d, manifest\u00f3.<\/p>\n<p>Con estas acciones, el cant\u00f3n El Pangui reafirma su compromiso con la sostenibilidad y la educaci\u00f3n ambiental en la comunidad.<\/p>\n","protected":false},"excerpt":{"rendered":"<p>El cant\u00f3n El Pangui desarroll\u00f3 este jueves la campa\u00f1a \u201cReciclando por un Mejor Futuro\u201d, una iniciativa organizada por el GAD Municipal en coordinaci\u00f3n con CB Cooperativa, con el objetivo de promover la cultura del reciclaje y aportar al cuidado del medio ambiente. Durante la jornada, conocida por su ambiente participativo y alegre, decenas de ciudadanos [&hellip;]<\/p>\n","protected":false},"author":1,"featured_media":17325,"comment_status":"open","ping_status":"open","sticky":false,"template":"","format":"standard","meta":{"footnotes":""},"categories":[9],"tags":[],"_links":{"self":[{"href":"https:\/\/infozamoraec.com\/index.php\/wp-json\/wp\/v2\/posts\/17324"}],"collection":[{"href":"https:\/\/infozamoraec.com\/index.php\/wp-json\/wp\/v2\/posts"}],"about":[{"href":"https:\/\/infozamoraec.com\/index.php\/wp-json\/wp\/v2\/types\/post"}],"author":[{"embeddable":true,"href":"https:\/\/infozamoraec.com\/index.php\/wp-json\/wp\/v2\/users\/1"}],"replies":[{"embeddable":true,"href":"https:\/\/infozamoraec.com\/index.php\/wp-json\/wp\/v2\/comments?post=17324"}],"version-history":[{"count":2,"href":"https:\/\/infozamoraec.com\/index.php\/wp-json\/wp\/v2\/posts\/17324\/revisions"}],"predecessor-version":[{"id":17327,"href":"https:\/\/infozamoraec.com\/index.php\/wp-json\/wp\/v2\/posts\/17324\/revisions\/17327"}],"wp:featuredmedia":[{"embeddable":true,"href":"https:\/\/infozamoraec.com\/index.php\/wp-json\/wp\/v2\/media\/17325"}],"wp:attachment":[{"href":"https:\/\/infozamoraec.com\/index.php\/wp-json\/wp\/v2\/media?parent=17324"}],"wp:term":[{"taxonomy":"category","embeddable":true,"href":"https:\/\/infozamoraec.com\/index.php\/wp-json\/wp\/v2\/categories?post=17324"},{"taxonomy":"post_tag","embeddable":true,"href":"https:\/\/infozamoraec.com\/index.php\/wp-json\/wp\/v2\/tags?post=17324"}],"curies":[{"name":"wp","href":"https:\/\/api.w.org\/{rel}","templated":true}]}}