{"id":17305,"date":"2025-11-19T03:58:18","date_gmt":"2025-11-19T03:58:18","guid":{"rendered":"https:\/\/infozamoraec.com\/?p=17305"},"modified":"2025-11-19T03:58:18","modified_gmt":"2025-11-19T03:58:18","slug":"conaie-y-sindicalismo-piden-a-daniel-noboa-escuchar-las-demandas-sociales-ante-resultados-de-la-consulta-y-referendum","status":"publish","type":"post","link":"https:\/\/infozamoraec.com\/index.php\/2025\/11\/19\/conaie-y-sindicalismo-piden-a-daniel-noboa-escuchar-las-demandas-sociales-ante-resultados-de-la-consulta-y-referendum\/","title":{"rendered":"Conaie y sindicalismo piden a Daniel Noboa \u2018escuchar\u2019 las demandas sociales ante resultados de la consulta y refer\u00e9ndum"},"content":{"rendered":"<p>QUITO.- La Confederaci\u00f3n de Nacionalidades Ind\u00edgenas del Ecuador (Conaie) pide al Gobierno de Daniel Noboa \u201cescuchar\u201d a la poblaci\u00f3n y atender las necesidades urgentes en el marco del Estado plurinacional, como un gesto de atenci\u00f3n a los resultados de la consulta popular y refer\u00e9ndum que se vot\u00f3 este 16 de noviembre.<\/p>\n<p>\u201cEscuche los planteamientos dentro del marco del Estado plurinacional, que no se gobierna con prepotencia, con discriminaci\u00f3n. Se gobierna escuchando las voces de los pueblos. Convocamos a la verdadera unidad\u201d, expres\u00f3 el presidente de la Conaie, Marlon Vargas, en una declaraci\u00f3n de prensa este lunes.<\/p>\n<p>En la sede de la Conaie en Quito se reunieron dirigentes de la organizaci\u00f3n y otros representantes del Parlamento de los Pueblos para resaltar la respuesta del electorado a la propuesta presidencial de reformar la Constituci\u00f3n y, a la vez, instalar una asamblea constituyente que elabore una nueva carta magna que hizo Noboa.<\/p>\n<p>Los resultados preliminares publicados por el Consejo Nacional Electoral (CNE) reflejan que en las cuatro preguntas propuestas por el jefe de Estado se impuso el no con m\u00e1s del 50 % de la votaci\u00f3n.<\/p>\n<p>Con ello, no se aprobar\u00eda la propuesta de instalar bases militares extranjeras en territorio nacional; de eliminar la asignaci\u00f3n econ\u00f3mica del Estado para el funcionamiento de los partidos y movimientos pol\u00edticos; y, la reducci\u00f3n del n\u00famero de miembros de la Asamblea Nacional de 151 a 73.<\/p>\n<p>Tampoco habr\u00e1 nuevas elecciones, ya que la poblaci\u00f3n no consinti\u00f3 la convocatoria a instalar una asamblea constituyente que redacte una nueva constituci\u00f3n.<\/p>\n<p>El presidente de la Ecuarunari, Alberto Ainaguano, asegur\u00f3 que esta posici\u00f3n del electorado es resultado de un trabajo en las bases y organizaciones de segundo grado, que en estas semanas discutieron las implicaciones de elaborar un nuevo texto constitucional que podr\u00eda implicar una regresi\u00f3n de derechos.<\/p>\n<p>\u201cSe\u00f1or presidente, no es solo el movimiento ind\u00edgena&#8230; es una alerta para que trabaje con los 18 millones de ecuatorianos. No se trata solo de llegar a una provincia y entregar bonos de $ 1.000, tractores, y hacer pelear a los dirigentes ind\u00edgenas entregando 25 chanchos a una comunidad de 1.000 habitantes. Entregaron avena, fideos&#8230; Pero los $ 60 millones que se gastaron en esta consulta se hubieran invertido en educaci\u00f3n, salud, en un hospital&#8230;\u201d, expres\u00f3 Ainaguano.<\/p>\n<p>En el espacio tambi\u00e9n estuvo la vicepresidenta de la Conaie, Ercilia Casta\u00f1eda, quien expres\u00f3 su agradecimiento a la poblaci\u00f3n por el respaldo a sus comunidades de Imbabura durante el paro nacional y llam\u00f3 a la unidad nacional.<\/p>\n<p>El Frente Unitario de Trabajadores (FUT) tambi\u00e9n tuvo una posici\u00f3n. Este lunes, varios de los dirigentes exaltaron el resultado de estos comicios y consideraron que es una batalla que logr\u00f3 la sociedad civil.<\/p>\n<p>No obstante, \u201cla lucha por los derechos no se termina aqu\u00ed. El Gobierno se ha encaramado en una pol\u00edtica contumaz de seguir atacando a las organizaciones sociales, m\u00e1s all\u00e1 de corregir. No ha cambiado nada, seguimos con m\u00e1s desempleo, pobreza, menos inversi\u00f3n en educaci\u00f3n y salud y eso es lo que est\u00e1 reclamando la poblaci\u00f3n. M\u00e1s de $ 50 millones tirados, porque no se requer\u00eda esta consulta popular, se requer\u00eda inversi\u00f3n. Frente a esto, consideramos que el presidente tiene que cambiar de rumbo y ojal\u00e1 nos escuche y nos d\u00e9 la oportunidad de conversar con usted\u201d, manifest\u00f3 Edwin Bedoya, presidente de turno del FUT.<\/p>\n","protected":false},"excerpt":{"rendered":"<p>QUITO.- La Confederaci\u00f3n de Nacionalidades Ind\u00edgenas del Ecuador (Conaie) pide al Gobierno de Daniel Noboa \u201cescuchar\u201d a la poblaci\u00f3n y atender las necesidades urgentes en el marco del Estado plurinacional, como un gesto de atenci\u00f3n a los resultados de la consulta popular y refer\u00e9ndum que se vot\u00f3 este 16 de noviembre. \u201cEscuche los planteamientos dentro [&hellip;]<\/p>\n","protected":false},"author":1,"featured_media":17306,"comment_status":"open","ping_status":"open","sticky":false,"template":"","format":"standard","meta":{"footnotes":""},"categories":[12],"tags":[],"_links":{"self":[{"href":"https:\/\/infozamoraec.com\/index.php\/wp-json\/wp\/v2\/posts\/17305"}],"collection":[{"href":"https:\/\/infozamoraec.com\/index.php\/wp-json\/wp\/v2\/posts"}],"about":[{"href":"https:\/\/infozamoraec.com\/index.php\/wp-json\/wp\/v2\/types\/post"}],"author":[{"embeddable":true,"href":"https:\/\/infozamoraec.com\/index.php\/wp-json\/wp\/v2\/users\/1"}],"replies":[{"embeddable":true,"href":"https:\/\/infozamoraec.com\/index.php\/wp-json\/wp\/v2\/comments?post=17305"}],"version-history":[{"count":1,"href":"https:\/\/infozamoraec.com\/index.php\/wp-json\/wp\/v2\/posts\/17305\/revisions"}],"predecessor-version":[{"id":17307,"href":"https:\/\/infozamoraec.com\/index.php\/wp-json\/wp\/v2\/posts\/17305\/revisions\/17307"}],"wp:featuredmedia":[{"embeddable":true,"href":"https:\/\/infozamoraec.com\/index.php\/wp-json\/wp\/v2\/media\/17306"}],"wp:attachment":[{"href":"https:\/\/infozamoraec.com\/index.php\/wp-json\/wp\/v2\/media?parent=17305"}],"wp:term":[{"taxonomy":"category","embeddable":true,"href":"https:\/\/infozamoraec.com\/index.php\/wp-json\/wp\/v2\/categories?post=17305"},{"taxonomy":"post_tag","embeddable":true,"href":"https:\/\/infozamoraec.com\/index.php\/wp-json\/wp\/v2\/tags?post=17305"}],"curies":[{"name":"wp","href":"https:\/\/api.w.org\/{rel}","templated":true}]}}