{"id":17302,"date":"2025-11-19T03:55:46","date_gmt":"2025-11-19T03:55:46","guid":{"rendered":"https:\/\/infozamoraec.com\/?p=17302"},"modified":"2025-11-19T03:55:46","modified_gmt":"2025-11-19T03:55:46","slug":"noboa-cambia-a-seis-ministros-tras-reves-electoral","status":"publish","type":"post","link":"https:\/\/infozamoraec.com\/index.php\/2025\/11\/19\/noboa-cambia-a-seis-ministros-tras-reves-electoral\/","title":{"rendered":"Noboa cambia a seis ministros tras rev\u00e9s electoral"},"content":{"rendered":"<p>El presidente de Ecuador, Daniel Noboa, cambi\u00f3 a seis ministros de su gabinete tras la derrota que sufri\u00f3 el pasado domingo en el refer\u00e9ndum, en el que los ecuatorianos rechazaron todas sus propuestas, entre ellas, la instalaci\u00f3n de una Asamblea Constituyente para redactar una nueva carta magna.<\/p>\n<p>Entre los ministros que dejan sus cargos est\u00e1n Zaida Rovira (Gobierno), Ivonne N\u00fa\u00f1ez (Trabajo), Alegr\u00eda Crepos (Educaci\u00f3n), Jimmy Mart\u00edn (Salud), Danilo Palacios (Agricultura) y Harold Burbano (Desarrollo Humanos), seg\u00fan anunci\u00f3 este martes la Presidencia en un comunicado.<\/p>\n<p>Sin embargo, Rovira y Burbano seguir\u00e1n en el Gobierno designados en los ministerios de Desarrollo Humano y Trabajo, respectivamente, como parte de este reajuste en el gabinete de Noboa.<\/p>\n<p>Noboa design\u00f3 como ministro de Gobierno a \u00c1lvaro Rosero y dej\u00f3 el Ministerio de Salud temporalmente en manos de la vicepresidenta de Ecuador, Mar\u00eda Jos\u00e9 Pinto, tras la salida de Jimmy Mart\u00edn.<\/p>\n<p>En reemplazo de Danilo Palacio en el Ministerio de Agricultura, Ganader\u00eda y Pesca, Noboa design\u00f3 a Juan Carlos Vega, quien fue su ministro de Econom\u00eda entre noviembre de 2023 de y febrero de 2025. En el Ministerio de Educaci\u00f3n, Deporte y Cultura, Gilda Alc\u00edvar reemplazar\u00e1 a Crespo.<\/p>\n<p>Asimismo, Noboa agradeci\u00f3 los servicios prestados por Jorge Carrillo en la Secretar\u00eda Nacional de Gesti\u00f3n de Riesgo (SNGR) y en su lugar design\u00f3 a Carolina Lozano.<\/p>\n<p>La Presidencia apunt\u00f3 que los nombramientos buscan fortalecer la gesti\u00f3n del Gobierno Nacional para atender las necesidades del pa\u00eds.<\/p>\n<p>Por otra parte, la portavoz de la Presidencia, Carolina Jaramillo, anunci\u00f3 este martes en su cuenta de la red social X que tambi\u00e9n deja el cargo.<\/p>\n<p>\u00abFue un honor ser su portavoz. Lo dije la primera vez que me dirig\u00ed al pa\u00eds y lo reitero hoy, disfrut\u00e9 cada momento y creo vehementemente que uno debe amar lo que hace, m\u00e1s a\u00fan cuando sirve al pa\u00eds\u00bb, dijo Jaramillo.<\/p>\n<p>La vocera a\u00f1adi\u00f3 que \u00abla democracia es un ejercicio constante de libertad, que se ejerce desde todos los espacios. Dejo el cargo de Portavoz, pero me llevo conmigo el compromiso de construir un Nuevo Ecuador\u00bb.<\/p>\n<p>La oxigenaci\u00f3n del gabinete se dio despu\u00e9s de que Noboa sufriera su primera gran derrota en las urnas en las que el pueblo tambi\u00e9n rechaz\u00f3 la posibilidad de instaurar una Asamblea Constituyente para elaborar una nueva constituci\u00f3n que reemplazase a la actual carta magna, heredada del corre\u00edsmo.<\/p>\n<p>Asimismo, tambi\u00e9n gan\u00f3 de manera rotunda el \u2018No\u2019 en las cuestiones para instalar bases militares extranjeras en Ecuador, de quitarle la financiaci\u00f3n p\u00fablica a los partidos pol\u00edticos y de reducir de 151 a 73 el n\u00famero de integrantes de la Asamblea Nacional. EFE (I)<\/p>\n<p>XFacebookMessengerWhatsAppThreadsPinterestLinkedInEmailPrintCopy Link<\/p>\n","protected":false},"excerpt":{"rendered":"<p>El presidente de Ecuador, Daniel Noboa, cambi\u00f3 a seis ministros de su gabinete tras la derrota que sufri\u00f3 el pasado domingo en el refer\u00e9ndum, en el que los ecuatorianos rechazaron todas sus propuestas, entre ellas, la instalaci\u00f3n de una Asamblea Constituyente para redactar una nueva carta magna. Entre los ministros que dejan sus cargos est\u00e1n [&hellip;]<\/p>\n","protected":false},"author":1,"featured_media":17303,"comment_status":"open","ping_status":"open","sticky":false,"template":"","format":"standard","meta":{"footnotes":""},"categories":[12],"tags":[],"_links":{"self":[{"href":"https:\/\/infozamoraec.com\/index.php\/wp-json\/wp\/v2\/posts\/17302"}],"collection":[{"href":"https:\/\/infozamoraec.com\/index.php\/wp-json\/wp\/v2\/posts"}],"about":[{"href":"https:\/\/infozamoraec.com\/index.php\/wp-json\/wp\/v2\/types\/post"}],"author":[{"embeddable":true,"href":"https:\/\/infozamoraec.com\/index.php\/wp-json\/wp\/v2\/users\/1"}],"replies":[{"embeddable":true,"href":"https:\/\/infozamoraec.com\/index.php\/wp-json\/wp\/v2\/comments?post=17302"}],"version-history":[{"count":1,"href":"https:\/\/infozamoraec.com\/index.php\/wp-json\/wp\/v2\/posts\/17302\/revisions"}],"predecessor-version":[{"id":17304,"href":"https:\/\/infozamoraec.com\/index.php\/wp-json\/wp\/v2\/posts\/17302\/revisions\/17304"}],"wp:featuredmedia":[{"embeddable":true,"href":"https:\/\/infozamoraec.com\/index.php\/wp-json\/wp\/v2\/media\/17303"}],"wp:attachment":[{"href":"https:\/\/infozamoraec.com\/index.php\/wp-json\/wp\/v2\/media?parent=17302"}],"wp:term":[{"taxonomy":"category","embeddable":true,"href":"https:\/\/infozamoraec.com\/index.php\/wp-json\/wp\/v2\/categories?post=17302"},{"taxonomy":"post_tag","embeddable":true,"href":"https:\/\/infozamoraec.com\/index.php\/wp-json\/wp\/v2\/tags?post=17302"}],"curies":[{"name":"wp","href":"https:\/\/api.w.org\/{rel}","templated":true}]}}