{"id":17299,"date":"2025-11-19T03:53:34","date_gmt":"2025-11-19T03:53:34","guid":{"rendered":"https:\/\/infozamoraec.com\/?p=17299"},"modified":"2025-11-19T03:53:34","modified_gmt":"2025-11-19T03:53:34","slug":"alvaro-rosero-es-el-nuevo-ministro-de-gobierno-del-ecuador","status":"publish","type":"post","link":"https:\/\/infozamoraec.com\/index.php\/2025\/11\/19\/alvaro-rosero-es-el-nuevo-ministro-de-gobierno-del-ecuador\/","title":{"rendered":"\u00c1lvaro Rosero es el nuevo ministro de Gobierno del Ecuador"},"content":{"rendered":"<p>El periodista \u00c1lvaro Rosero ha sido designado como el nuevo ministro de Gobierno del Ecuador. Se trata de uno de los cambios m\u00e1s notables en el gabinete ministerial anunciados por el presidente Daniel Noboa tras el rev\u00e9s electoral que sufri\u00f3 el pasado domingo.<\/p>\n<p>Rosero reemplazar\u00e1 a Zaida Rovira, quien regresar\u00e1 ser\u00e1 titular del Ministerio de Desarrollo Humano.<\/p>\n<p>\u00bfQui\u00e9n es \u00c1lvaro Rosero?<br \/>\n\u00c1lvaro Rosero, quien no ha ejercido cargos p\u00fablicos en el pasado, es un radiodifusor con acciones en Radio Democracia y Radio EXA. El nuevo ministro era parte del programa quite\u00f1o \u00abEl Show de la Papaya\u00bb, que se transmite por Democracia TV, y en el cual manten\u00eda un espacio denominado \u00abEl Editorial de \u00c1lvaro Rosero\u00bb, en el que se expresaba sobre temas pol\u00edticos.<\/p>\n<p>Un d\u00eda despu\u00e9s del refer\u00e9ndum en los ecuatorianos votaron \u2018No\u2019 a todas las reformas propuestas por el Gobierno de Daniel Noboa, Rosero dijo sentir una \u00abprofunda tristeza\u00bb y una \u00absensaci\u00f3n de derrota\u00bb antes de empezar su programa radial.<\/p>\n<p>Su padre, el tambi\u00e9n periodista Gonzalo Rosero, fue condecorado por el expresidente Guillermo Lasso por su trayectoria profesional en agosto de 2023. El entonces mandatario resalt\u00f3 su \u00abdestacado ejercicio profesional y su contribuci\u00f3n a la libertad de expresi\u00f3n y a la democracia ecuatoriana\u00bb.<\/p>\n<p>Se trata del sexto ministro de Gobierno durante la administraci\u00f3n de Daniel Noboa. Lo preceden M\u00f3nica Palencia, Michele Sensi-Contugi Ycaza, Arturo F\u00e9lix Wong, Jos\u00e9 de la Gasca y Zaida Rovira. (I)<\/p>\n","protected":false},"excerpt":{"rendered":"<p>El periodista \u00c1lvaro Rosero ha sido designado como el nuevo ministro de Gobierno del Ecuador. Se trata de uno de los cambios m\u00e1s notables en el gabinete ministerial anunciados por el presidente Daniel Noboa tras el rev\u00e9s electoral que sufri\u00f3 el pasado domingo. Rosero reemplazar\u00e1 a Zaida Rovira, quien regresar\u00e1 ser\u00e1 titular del Ministerio de [&hellip;]<\/p>\n","protected":false},"author":1,"featured_media":17300,"comment_status":"open","ping_status":"open","sticky":false,"template":"","format":"standard","meta":{"footnotes":""},"categories":[12],"tags":[],"_links":{"self":[{"href":"https:\/\/infozamoraec.com\/index.php\/wp-json\/wp\/v2\/posts\/17299"}],"collection":[{"href":"https:\/\/infozamoraec.com\/index.php\/wp-json\/wp\/v2\/posts"}],"about":[{"href":"https:\/\/infozamoraec.com\/index.php\/wp-json\/wp\/v2\/types\/post"}],"author":[{"embeddable":true,"href":"https:\/\/infozamoraec.com\/index.php\/wp-json\/wp\/v2\/users\/1"}],"replies":[{"embeddable":true,"href":"https:\/\/infozamoraec.com\/index.php\/wp-json\/wp\/v2\/comments?post=17299"}],"version-history":[{"count":1,"href":"https:\/\/infozamoraec.com\/index.php\/wp-json\/wp\/v2\/posts\/17299\/revisions"}],"predecessor-version":[{"id":17301,"href":"https:\/\/infozamoraec.com\/index.php\/wp-json\/wp\/v2\/posts\/17299\/revisions\/17301"}],"wp:featuredmedia":[{"embeddable":true,"href":"https:\/\/infozamoraec.com\/index.php\/wp-json\/wp\/v2\/media\/17300"}],"wp:attachment":[{"href":"https:\/\/infozamoraec.com\/index.php\/wp-json\/wp\/v2\/media?parent=17299"}],"wp:term":[{"taxonomy":"category","embeddable":true,"href":"https:\/\/infozamoraec.com\/index.php\/wp-json\/wp\/v2\/categories?post=17299"},{"taxonomy":"post_tag","embeddable":true,"href":"https:\/\/infozamoraec.com\/index.php\/wp-json\/wp\/v2\/tags?post=17299"}],"curies":[{"name":"wp","href":"https:\/\/api.w.org\/{rel}","templated":true}]}}