{"id":17295,"date":"2025-11-19T03:42:09","date_gmt":"2025-11-19T03:42:09","guid":{"rendered":"https:\/\/infozamoraec.com\/?p=17295"},"modified":"2025-11-19T03:42:09","modified_gmt":"2025-11-19T03:42:09","slug":"salud-entrega-ayudas-tecnicas-a-personas-con-discapacidad-en-zamora-chinchipe","status":"publish","type":"post","link":"https:\/\/infozamoraec.com\/index.php\/2025\/11\/19\/salud-entrega-ayudas-tecnicas-a-personas-con-discapacidad-en-zamora-chinchipe\/","title":{"rendered":"Salud entrega ayudas t\u00e9cnicas a personas con discapacidad en Zamora Chinchipe"},"content":{"rendered":"<p>Con el prop\u00f3sito de fortalecer la atenci\u00f3n a personas con discapacidad, la Coordinaci\u00f3n Zonal 7 de Salud, a trav\u00e9s del Distrito 19D01, realiz\u00f3 la entrega de diversas ayudas t\u00e9cnicas dirigidas a usuarios que requieren un acompa\u00f1amiento cercano para mejorar su calidad de vida.<\/p>\n<p>Durante el acto, Karla Jim\u00e9nez, delegada de la Coordinaci\u00f3n Zonal, inform\u00f3 que en lo que va del a\u00f1o se han entregado m\u00e1s de 100 ayudas t\u00e9cnicas, contribuyendo al bienestar de este grupo poblacional. Destac\u00f3 adem\u00e1s el trabajo permanente que se ejecuta tanto en las unidades de salud como en los domicilios, mediante brigadas m\u00e9dicas que garantizan atenci\u00f3n integral y oportuna.<\/p>\n<p>La entrega incluy\u00f3:<\/p>\n<p>Pa\u00f1ales para adultos (peque\u00f1os y medianos)<\/p>\n<p>Bast\u00f3n gu\u00eda<\/p>\n<p>Pa\u00f1ales infantiles (extra y extra grande)<\/p>\n<p>Una silla de ruedas postural<\/p>\n<p>Las personas beneficiarias expresaron su agradecimiento por el apoyo recibido.<br \/>\n\u201cLa entrega de estos insumos nos permite cuidar mejor a nuestros hijos, estamos muy agradecidos\u201d, se\u00f1al\u00f3 Carolina Cecibel Carri\u00f3n.<br \/>\n\u201cEsta silla postural ayudar\u00e1 mucho al desarrollo y bienestar de mi ni\u00f1a\u201d, coment\u00f3 Silvia Patricia Minga Sarango.<\/p>\n","protected":false},"excerpt":{"rendered":"<p>Con el prop\u00f3sito de fortalecer la atenci\u00f3n a personas con discapacidad, la Coordinaci\u00f3n Zonal 7 de Salud, a trav\u00e9s del Distrito 19D01, realiz\u00f3 la entrega de diversas ayudas t\u00e9cnicas dirigidas a usuarios que requieren un acompa\u00f1amiento cercano para mejorar su calidad de vida. Durante el acto, Karla Jim\u00e9nez, delegada de la Coordinaci\u00f3n Zonal, inform\u00f3 que [&hellip;]<\/p>\n","protected":false},"author":1,"featured_media":17296,"comment_status":"open","ping_status":"open","sticky":false,"template":"","format":"standard","meta":{"footnotes":""},"categories":[9],"tags":[],"_links":{"self":[{"href":"https:\/\/infozamoraec.com\/index.php\/wp-json\/wp\/v2\/posts\/17295"}],"collection":[{"href":"https:\/\/infozamoraec.com\/index.php\/wp-json\/wp\/v2\/posts"}],"about":[{"href":"https:\/\/infozamoraec.com\/index.php\/wp-json\/wp\/v2\/types\/post"}],"author":[{"embeddable":true,"href":"https:\/\/infozamoraec.com\/index.php\/wp-json\/wp\/v2\/users\/1"}],"replies":[{"embeddable":true,"href":"https:\/\/infozamoraec.com\/index.php\/wp-json\/wp\/v2\/comments?post=17295"}],"version-history":[{"count":2,"href":"https:\/\/infozamoraec.com\/index.php\/wp-json\/wp\/v2\/posts\/17295\/revisions"}],"predecessor-version":[{"id":17298,"href":"https:\/\/infozamoraec.com\/index.php\/wp-json\/wp\/v2\/posts\/17295\/revisions\/17298"}],"wp:featuredmedia":[{"embeddable":true,"href":"https:\/\/infozamoraec.com\/index.php\/wp-json\/wp\/v2\/media\/17296"}],"wp:attachment":[{"href":"https:\/\/infozamoraec.com\/index.php\/wp-json\/wp\/v2\/media?parent=17295"}],"wp:term":[{"taxonomy":"category","embeddable":true,"href":"https:\/\/infozamoraec.com\/index.php\/wp-json\/wp\/v2\/categories?post=17295"},{"taxonomy":"post_tag","embeddable":true,"href":"https:\/\/infozamoraec.com\/index.php\/wp-json\/wp\/v2\/tags?post=17295"}],"curies":[{"name":"wp","href":"https:\/\/api.w.org\/{rel}","templated":true}]}}