{"id":17292,"date":"2025-11-19T03:36:13","date_gmt":"2025-11-19T03:36:13","guid":{"rendered":"https:\/\/infozamoraec.com\/?p=17292"},"modified":"2025-11-19T03:36:13","modified_gmt":"2025-11-19T03:36:13","slug":"sindicato-de-choferes-de-zamora-chinchipe-firma-convenio-con-el-iess-para-fortalecer-la-cultura-previsional","status":"publish","type":"post","link":"https:\/\/infozamoraec.com\/index.php\/2025\/11\/19\/sindicato-de-choferes-de-zamora-chinchipe-firma-convenio-con-el-iess-para-fortalecer-la-cultura-previsional\/","title":{"rendered":"Sindicato de Choferes de Zamora Chinchipe firma convenio con el IESS para fortalecer la cultura previsional"},"content":{"rendered":"<p>El Sindicato de Choferes Profesionales de Zamora Chinchipe suscribi\u00f3 un convenio con el Instituto Ecuatoriano de Seguridad Social (IESS), con el prop\u00f3sito de fortalecer la cultura previsional y promover una afiliaci\u00f3n segura, responsable y accesible para los conductores de la provincia y sus familias.<\/p>\n<p>El acuerdo fue firmado por Susana Ochoa Toledo, directora provincial del IESS Zamora Chinchipe, en representaci\u00f3n de Marcelo David Narv\u00e1ez Burbano, director nacional de Afiliaci\u00f3n y Cobertura del IESS, y por\u00a0 Luis Mauricio Rivera Torres, secretario general del Sindicato de Choferes Profesionales de Zamora Chinchipe.<\/p>\n<p>Durante el acto, Rivera Torres resalt\u00f3 la importancia del convenio para el sector. \u201cEste convenio beneficia directamente a quienes mueven el desarrollo de nuestra provincia. La seguridad social no es un tr\u00e1mite: es un derecho y una responsabilidad con nuestras familias. Como Sindicato, vamos m\u00e1s all\u00e1 de la formaci\u00f3n t\u00e9cnica; trabajamos por la protecci\u00f3n y el bienestar de todos nuestros compa\u00f1eros\u201d, afirm\u00f3.<\/p>\n<p>Como parte del acuerdo, se desarrollar\u00e1n talleres y charlas orientadas a informar sobre los derechos y beneficios del IESS, la prevenci\u00f3n de riesgos laborales, la cultura previsional y la importancia de una afiliaci\u00f3n responsable.<\/p>\n<p>El Sindicato, bajo la gesti\u00f3n de su secretario general, manifest\u00f3 su compromiso con la educaci\u00f3n, la innovaci\u00f3n y el desarrollo integral de sus asociados, destacando que este tipo de alianzas fortalecen la seguridad y el bienestar del gremio.<\/p>\n","protected":false},"excerpt":{"rendered":"<p>El Sindicato de Choferes Profesionales de Zamora Chinchipe suscribi\u00f3 un convenio con el Instituto Ecuatoriano de Seguridad Social (IESS), con el prop\u00f3sito de fortalecer la cultura previsional y promover una afiliaci\u00f3n segura, responsable y accesible para los conductores de la provincia y sus familias. El acuerdo fue firmado por Susana Ochoa Toledo, directora provincial del [&hellip;]<\/p>\n","protected":false},"author":1,"featured_media":17293,"comment_status":"open","ping_status":"open","sticky":false,"template":"","format":"standard","meta":{"footnotes":""},"categories":[9],"tags":[],"_links":{"self":[{"href":"https:\/\/infozamoraec.com\/index.php\/wp-json\/wp\/v2\/posts\/17292"}],"collection":[{"href":"https:\/\/infozamoraec.com\/index.php\/wp-json\/wp\/v2\/posts"}],"about":[{"href":"https:\/\/infozamoraec.com\/index.php\/wp-json\/wp\/v2\/types\/post"}],"author":[{"embeddable":true,"href":"https:\/\/infozamoraec.com\/index.php\/wp-json\/wp\/v2\/users\/1"}],"replies":[{"embeddable":true,"href":"https:\/\/infozamoraec.com\/index.php\/wp-json\/wp\/v2\/comments?post=17292"}],"version-history":[{"count":1,"href":"https:\/\/infozamoraec.com\/index.php\/wp-json\/wp\/v2\/posts\/17292\/revisions"}],"predecessor-version":[{"id":17294,"href":"https:\/\/infozamoraec.com\/index.php\/wp-json\/wp\/v2\/posts\/17292\/revisions\/17294"}],"wp:featuredmedia":[{"embeddable":true,"href":"https:\/\/infozamoraec.com\/index.php\/wp-json\/wp\/v2\/media\/17293"}],"wp:attachment":[{"href":"https:\/\/infozamoraec.com\/index.php\/wp-json\/wp\/v2\/media?parent=17292"}],"wp:term":[{"taxonomy":"category","embeddable":true,"href":"https:\/\/infozamoraec.com\/index.php\/wp-json\/wp\/v2\/categories?post=17292"},{"taxonomy":"post_tag","embeddable":true,"href":"https:\/\/infozamoraec.com\/index.php\/wp-json\/wp\/v2\/tags?post=17292"}],"curies":[{"name":"wp","href":"https:\/\/api.w.org\/{rel}","templated":true}]}}