{"id":17288,"date":"2025-11-19T03:30:55","date_gmt":"2025-11-19T03:30:55","guid":{"rendered":"https:\/\/infozamoraec.com\/?p=17288"},"modified":"2025-11-19T03:30:55","modified_gmt":"2025-11-19T03:30:55","slug":"lanzan-en-zamora-chinchipe-el-programa-audiovisual-amazka-rimay-la-voz-de-la-amazonia","status":"publish","type":"post","link":"https:\/\/infozamoraec.com\/index.php\/2025\/11\/19\/lanzan-en-zamora-chinchipe-el-programa-audiovisual-amazka-rimay-la-voz-de-la-amazonia\/","title":{"rendered":"Lanzan en Zamora Chinchipe el programa audiovisual \u201cAmazka Rimay \u2013 La voz de la Amazon\u00eda\u201d"},"content":{"rendered":"<p>La Casa de la Cultura Ecuatoriana (CCE), N\u00facleo de Zamora Chinchipe, present\u00f3 oficialmente el programa audiovisual \u201cAmazka Rimay \u2013 La voz de la Amazon\u00eda\u201d, una iniciativa que busca visibilizar y fortalecer el talento art\u00edstico, cultural y musical de la provincia mediante un formato moderno y con identidad regional.<\/p>\n<p>El acto cont\u00f3 con la participaci\u00f3n del director de la CCE Zamora Chinchipe, Jhamilton Mart\u00ednez Romero, quien destac\u00f3 la relevancia de generar nuevos espacios de difusi\u00f3n para artistas, int\u00e9rpretes y agrupaciones locales. Se\u00f1al\u00f3 que este proyecto permitir\u00e1 proyectar la producci\u00f3n cultural de la provincia a escala nacional e internacional, adem\u00e1s de fomentar la inclusi\u00f3n y el reconocimiento de la diversidad amaz\u00f3nica.<\/p>\n<p>Por su parte, el Ing. Julio Pati\u00f1o, funcionario de la instituci\u00f3n y encargado del proyecto, explic\u00f3 los objetivos y lineamientos del programa, as\u00ed como los requisitos para la selecci\u00f3n de los participantes. Indic\u00f3 que Amazka Rimay se desarrollar\u00e1 bajo un formato profesional que integrar\u00e1 m\u00fasica, expresiones art\u00edsticas y contenidos multiculturales, convirti\u00e9ndose en una plataforma para impulsar el desarrollo creativo de la regi\u00f3n.<\/p>\n<p>Durante la jornada se presentaron los materiales oficiales del programa, se informaron las fechas clave del proceso y se anunci\u00f3 que el estreno est\u00e1 previsto para el 1 de diciembre de 2025. Adem\u00e1s, se difundieron los requisitos dirigidos a artistas y agrupaciones activas durante el \u00faltimo a\u00f1o, con el fin de garantizar una participaci\u00f3n equitativa.<\/p>\n<p>La CCE N\u00facleo de Zamora Chinchipe reiter\u00f3 su compromiso con la promoci\u00f3n del arte y la cultura, impulsando proyectos que fortalezcan la identidad amaz\u00f3nica y contribuyan a la circulaci\u00f3n y reconocimiento del patrimonio cultural de la provincia.<\/p>\n","protected":false},"excerpt":{"rendered":"<p>La Casa de la Cultura Ecuatoriana (CCE), N\u00facleo de Zamora Chinchipe, present\u00f3 oficialmente el programa audiovisual \u201cAmazka Rimay \u2013 La voz de la Amazon\u00eda\u201d, una iniciativa que busca visibilizar y fortalecer el talento art\u00edstico, cultural y musical de la provincia mediante un formato moderno y con identidad regional. El acto cont\u00f3 con la participaci\u00f3n del [&hellip;]<\/p>\n","protected":false},"author":1,"featured_media":17289,"comment_status":"open","ping_status":"open","sticky":false,"template":"","format":"standard","meta":{"footnotes":""},"categories":[9],"tags":[],"_links":{"self":[{"href":"https:\/\/infozamoraec.com\/index.php\/wp-json\/wp\/v2\/posts\/17288"}],"collection":[{"href":"https:\/\/infozamoraec.com\/index.php\/wp-json\/wp\/v2\/posts"}],"about":[{"href":"https:\/\/infozamoraec.com\/index.php\/wp-json\/wp\/v2\/types\/post"}],"author":[{"embeddable":true,"href":"https:\/\/infozamoraec.com\/index.php\/wp-json\/wp\/v2\/users\/1"}],"replies":[{"embeddable":true,"href":"https:\/\/infozamoraec.com\/index.php\/wp-json\/wp\/v2\/comments?post=17288"}],"version-history":[{"count":2,"href":"https:\/\/infozamoraec.com\/index.php\/wp-json\/wp\/v2\/posts\/17288\/revisions"}],"predecessor-version":[{"id":17291,"href":"https:\/\/infozamoraec.com\/index.php\/wp-json\/wp\/v2\/posts\/17288\/revisions\/17291"}],"wp:featuredmedia":[{"embeddable":true,"href":"https:\/\/infozamoraec.com\/index.php\/wp-json\/wp\/v2\/media\/17289"}],"wp:attachment":[{"href":"https:\/\/infozamoraec.com\/index.php\/wp-json\/wp\/v2\/media?parent=17288"}],"wp:term":[{"taxonomy":"category","embeddable":true,"href":"https:\/\/infozamoraec.com\/index.php\/wp-json\/wp\/v2\/categories?post=17288"},{"taxonomy":"post_tag","embeddable":true,"href":"https:\/\/infozamoraec.com\/index.php\/wp-json\/wp\/v2\/tags?post=17288"}],"curies":[{"name":"wp","href":"https:\/\/api.w.org\/{rel}","templated":true}]}}