{"id":17284,"date":"2025-11-19T03:26:51","date_gmt":"2025-11-19T03:26:51","guid":{"rendered":"https:\/\/infozamoraec.com\/?p=17284"},"modified":"2025-11-19T03:26:51","modified_gmt":"2025-11-19T03:26:51","slug":"gobierno-amplia-la-vigencia-de-comprobantes-de-pago-para-cedulas-y-pasaportes-hasta-diciembre-de-2026","status":"publish","type":"post","link":"https:\/\/infozamoraec.com\/index.php\/2025\/11\/19\/gobierno-amplia-la-vigencia-de-comprobantes-de-pago-para-cedulas-y-pasaportes-hasta-diciembre-de-2026\/","title":{"rendered":"Gobierno ampl\u00eda la vigencia de comprobantes de pago para c\u00e9dulas y pasaportes hasta diciembre de 2026"},"content":{"rendered":"<p>Quito, 18 de noviembre de 2025.- El presidente de la Rep\u00fablica, Daniel Noboa Az\u00edn, dispuso al Registro Civil del Ecuador extender la vigencia de los comprobantes de pago para los servicios de cedulaci\u00f3n y pasaportes hasta el 31 de diciembre de 2026, medida que beneficiar\u00e1 a los ciudadanos que realizaron sus pagos entre el 1 de enero y el 31 de diciembre de 2025.<\/p>\n<p>La disposici\u00f3n fue formalizada mediante la Resoluci\u00f3n Nro. 026-DIGERCIC-CGAJ-DPyN-2025, con la cual la entidad ampl\u00eda la validez de estos comprobantes, que anteriormente ten\u00edan una duraci\u00f3n de 180 d\u00edas, y ahora se extiende a 365 d\u00edas.<\/p>\n<p>Seg\u00fan inform\u00f3 el Registro Civil, esta decisi\u00f3n busca facilitar el acceso a los documentos de identidad y de viaje para quienes, por diversos motivos, no han podido completar su tr\u00e1mite en los plazos previstos.<\/p>\n<p>El director general del Registro Civil, Ott\u00f3n Rivadeneira, destac\u00f3 el impacto de la medida:<br \/>\n\u201cCon esta Resoluci\u00f3n garantizamos que ning\u00fan ciudadano pierda la oportunidad de obtener sus documentos o tenga que volver a pagar. Nuestro compromiso es ampliar el acceso, modernizar los procesos y asegurar que cada persona pueda ejercer plenamente su derecho a la identidad\u201d.<\/p>\n<p>Rivadeneira tambi\u00e9n se\u00f1al\u00f3 que la instituci\u00f3n continuar\u00e1 fortaleciendo sus sistemas y canales de atenci\u00f3n para ofrecer un servicio m\u00e1s eficiente y cercano a la ciudadan\u00eda.<\/p>\n<p>Asimismo, el Registro Civil aclar\u00f3 que los comprobantes emitidos entre el 1 de enero y el 31 de diciembre de 2024 mantendr\u00e1n su vigencia hasta el 31 de diciembre de 2025, garantizando continuidad y seguridad en los procesos de identificaci\u00f3n.<\/p>\n","protected":false},"excerpt":{"rendered":"<p>Quito, 18 de noviembre de 2025.- El presidente de la Rep\u00fablica, Daniel Noboa Az\u00edn, dispuso al Registro Civil del Ecuador extender la vigencia de los comprobantes de pago para los servicios de cedulaci\u00f3n y pasaportes hasta el 31 de diciembre de 2026, medida que beneficiar\u00e1 a los ciudadanos que realizaron sus pagos entre el 1 [&hellip;]<\/p>\n","protected":false},"author":1,"featured_media":17285,"comment_status":"open","ping_status":"open","sticky":false,"template":"","format":"standard","meta":{"footnotes":""},"categories":[12],"tags":[],"_links":{"self":[{"href":"https:\/\/infozamoraec.com\/index.php\/wp-json\/wp\/v2\/posts\/17284"}],"collection":[{"href":"https:\/\/infozamoraec.com\/index.php\/wp-json\/wp\/v2\/posts"}],"about":[{"href":"https:\/\/infozamoraec.com\/index.php\/wp-json\/wp\/v2\/types\/post"}],"author":[{"embeddable":true,"href":"https:\/\/infozamoraec.com\/index.php\/wp-json\/wp\/v2\/users\/1"}],"replies":[{"embeddable":true,"href":"https:\/\/infozamoraec.com\/index.php\/wp-json\/wp\/v2\/comments?post=17284"}],"version-history":[{"count":2,"href":"https:\/\/infozamoraec.com\/index.php\/wp-json\/wp\/v2\/posts\/17284\/revisions"}],"predecessor-version":[{"id":17287,"href":"https:\/\/infozamoraec.com\/index.php\/wp-json\/wp\/v2\/posts\/17284\/revisions\/17287"}],"wp:featuredmedia":[{"embeddable":true,"href":"https:\/\/infozamoraec.com\/index.php\/wp-json\/wp\/v2\/media\/17285"}],"wp:attachment":[{"href":"https:\/\/infozamoraec.com\/index.php\/wp-json\/wp\/v2\/media?parent=17284"}],"wp:term":[{"taxonomy":"category","embeddable":true,"href":"https:\/\/infozamoraec.com\/index.php\/wp-json\/wp\/v2\/categories?post=17284"},{"taxonomy":"post_tag","embeddable":true,"href":"https:\/\/infozamoraec.com\/index.php\/wp-json\/wp\/v2\/tags?post=17284"}],"curies":[{"name":"wp","href":"https:\/\/api.w.org\/{rel}","templated":true}]}}