{"id":17271,"date":"2025-11-18T02:21:46","date_gmt":"2025-11-18T02:21:46","guid":{"rendered":"https:\/\/infozamoraec.com\/?p=17271"},"modified":"2025-11-18T02:21:46","modified_gmt":"2025-11-18T02:21:46","slug":"inicia-la-campana-en-chile-de-cara-a-la-segunda-vuelta","status":"publish","type":"post","link":"https:\/\/infozamoraec.com\/index.php\/2025\/11\/18\/inicia-la-campana-en-chile-de-cara-a-la-segunda-vuelta\/","title":{"rendered":"Inicia la campa\u00f1a en Chile de cara a la segunda vuelta"},"content":{"rendered":"<p>Los ganadores de la primera vuelta de las elecciones presidenciales en Chile, Jeannette Jara y Jos\u00e9 Antonio Kast, arrancaron este lunes (17.11.2025) sus campa\u00f1as de cara al balotaje de diciembre con el ultraderechista como favorito.<\/p>\n<p>Jara obtuvo una exigua victoria por 2,9 puntos porcentuales el domingo ante Kast, pero el bloque de derecha, que compiti\u00f3 con tres candidatos de diferentes fuerzas, logr\u00f3 m\u00e1s del 50% de los votos y los sondeos pronostican una victoria de Kast en el segundo turno.<\/p>\n<p>Adem\u00e1s, ser\u00e1 la fuerza mayoritaria en el Congreso bicameral que controlaban los partidos de centro-izquierda, durante la legislatura que comenzar\u00e1 el 11 de marzo cuando tambi\u00e9n asume el pr\u00f3ximo presidente, seg\u00fan los resultados oficiales.<\/p>\n<p>En ese contexto, Jara, de 51 a\u00f1os, arranc\u00f3 su campa\u00f1a con un mitin con mujeres en el popular barrio de La Pintana, en el sur de Santiago.<\/p>\n<p>All\u00ed atac\u00f3 al ultraderechista: \u00abYo encuentro que (Kast) es una persona autoritaria, que denosta al que piensa distinto\u00bb.<\/p>\n<p>\u00abDinero sucio\u00bb<br \/>\nEn la primera vuelta la campa\u00f1a gir\u00f3 en torno a la inseguridad, que una mayor\u00eda de chilenos vincula con la migraci\u00f3n irregular.<\/p>\n<p>Incluso oblig\u00f3 a Jara a relegar los temas sociales -bandera hist\u00f3rica de la centro-izquierda &#8211; para hablar de sus estrategias contra el crimen.<\/p>\n<p>Pese a ser uno de los pa\u00edses m\u00e1s seguros del continente, la percepci\u00f3n de inseguridad crece entre los chilenos, con datos de homicidios y secuestros altos en comparaci\u00f3n al pasado reciente.<\/p>\n<p>La ultraderecha gan\u00f3 terreno con su oferta de deportaciones masivas de inmigrantes indocumentados y lucha frontal contra el crimen organizado.<\/p>\n<p>Los homicidios aumentaron un 140% en la \u00faltima d\u00e9cada, para pasar de una tasa de 2,5 a 6 por cada 100.000 habitantes en 2024, seg\u00fan el gobierno. La media en Am\u00e9rica Latina es de 15 homicidios por cada 100.000 habitantes, de acuerdo con la ONU.<\/p>\n<p>Este lunes Jara asegur\u00f3 que fortalecer\u00e1 a las fuerzas policiales, recuperar\u00e1 los barrios dominados por el crimen organizado y perseguir\u00e1 \u00abel dinero sucio\u00bb ligado al narcotr\u00e1fico mediante el levantamiento del secreto bancario.<\/p>\n<p>\u00abYo me pregunto, \u00bfpor qu\u00e9 Kast se opone a levantar el secreto bancario? El que nada hace, nada teme\u00bb, sostuvo, y a\u00f1adi\u00f3: \u00abDejo algunas ideas para que veamos la diferencia entre los que de verdad tenemos la mano dura\u00bb.<\/p>\n<p>\u00abSacrificios\u00bb<br \/>\nKast, un abogado de 59 a\u00f1os, eligi\u00f3 la ciudad de Temuco, 800 km al sur de Santiago, como punto de partida para su carrera hacia el balotaje.<\/p>\n<p>Capital de la Araucan\u00eda, esa regi\u00f3n est\u00e1 militarizada desde 2022 debido a la violencia de bandas dedicadas al robo de madera, y de algunos grupos de ind\u00edgenas mapuches, la mayor etnia chilena, que reivindican derechos sobre tierras hoy en manos privadas.<\/p>\n<p>El ultraderechista se reuni\u00f3 con v\u00edctimas de ataques incendiarios contra bienes agr\u00edcolas.<\/p>\n<p>\u00abNo queremos enga\u00f1ar a nadie, queremos recuperar Chile, pero eso va a implicar muchos sacrificios\u00bb, sostuvo en declaraciones a la prensa.<\/p>\n<p>En ese sentido, remarc\u00f3 que \u00abva ser dif\u00edcil que Chile\u00bb vuelva a tener \u00abfronteras seguras\u00bb y que pueda emplear \u00abtoda la fuerza y justicia\u00bb para combatir \u00abal terrorismo\u00bb, como alude a los grupos radicales que operan en la zona.<\/p>\n<p>Kast bas\u00f3 su campa\u00f1a en la promesa de deportar a 337.000 migrantes sin papeles y construir un \u00abescudo fronterizo\u00bb con vallas met\u00e1licas, zanjas y m\u00e1s polic\u00edas y militares.<\/p>\n<p>mg (afp, La Tercera)<\/p>\n<p>&nbsp;<\/p>\n","protected":false},"excerpt":{"rendered":"<p>Los ganadores de la primera vuelta de las elecciones presidenciales en Chile, Jeannette Jara y Jos\u00e9 Antonio Kast, arrancaron este lunes (17.11.2025) sus campa\u00f1as de cara al balotaje de diciembre con el ultraderechista como favorito. Jara obtuvo una exigua victoria por 2,9 puntos porcentuales el domingo ante Kast, pero el bloque de derecha, que compiti\u00f3 [&hellip;]<\/p>\n","protected":false},"author":1,"featured_media":17272,"comment_status":"open","ping_status":"open","sticky":false,"template":"","format":"standard","meta":{"footnotes":""},"categories":[8],"tags":[],"_links":{"self":[{"href":"https:\/\/infozamoraec.com\/index.php\/wp-json\/wp\/v2\/posts\/17271"}],"collection":[{"href":"https:\/\/infozamoraec.com\/index.php\/wp-json\/wp\/v2\/posts"}],"about":[{"href":"https:\/\/infozamoraec.com\/index.php\/wp-json\/wp\/v2\/types\/post"}],"author":[{"embeddable":true,"href":"https:\/\/infozamoraec.com\/index.php\/wp-json\/wp\/v2\/users\/1"}],"replies":[{"embeddable":true,"href":"https:\/\/infozamoraec.com\/index.php\/wp-json\/wp\/v2\/comments?post=17271"}],"version-history":[{"count":1,"href":"https:\/\/infozamoraec.com\/index.php\/wp-json\/wp\/v2\/posts\/17271\/revisions"}],"predecessor-version":[{"id":17273,"href":"https:\/\/infozamoraec.com\/index.php\/wp-json\/wp\/v2\/posts\/17271\/revisions\/17273"}],"wp:featuredmedia":[{"embeddable":true,"href":"https:\/\/infozamoraec.com\/index.php\/wp-json\/wp\/v2\/media\/17272"}],"wp:attachment":[{"href":"https:\/\/infozamoraec.com\/index.php\/wp-json\/wp\/v2\/media?parent=17271"}],"wp:term":[{"taxonomy":"category","embeddable":true,"href":"https:\/\/infozamoraec.com\/index.php\/wp-json\/wp\/v2\/categories?post=17271"},{"taxonomy":"post_tag","embeddable":true,"href":"https:\/\/infozamoraec.com\/index.php\/wp-json\/wp\/v2\/tags?post=17271"}],"curies":[{"name":"wp","href":"https:\/\/api.w.org\/{rel}","templated":true}]}}