{"id":17262,"date":"2025-11-18T02:15:08","date_gmt":"2025-11-18T02:15:08","guid":{"rendered":"https:\/\/infozamoraec.com\/?p=17262"},"modified":"2025-11-18T02:15:08","modified_gmt":"2025-11-18T02:15:08","slug":"el-no-fracciona-a-lideres-politicos-correismo-y-conaie-se-atribuyen-el-triunfo","status":"publish","type":"post","link":"https:\/\/infozamoraec.com\/index.php\/2025\/11\/18\/el-no-fracciona-a-lideres-politicos-correismo-y-conaie-se-atribuyen-el-triunfo\/","title":{"rendered":"El \u2018No\u2019 fracciona a l\u00edderes pol\u00edticos: corre\u00edsmo y Conaie se atribuyen el triunfo"},"content":{"rendered":"<p>Tras el trinfo del No, con un promedio del 54% en las cuatro preguntas del refer\u00e9ndum y consulta popular, los l\u00edderes pol\u00edticos mostraron sus divisiones y tanto el corre\u00edsmo como la Confederaci\u00f3n de Nacionalidades Ind\u00edgenas del Ecuador (CONAIE) se atribuyen el trinfo.<\/p>\n<p>Luego de que varias caras del movimiento Revoluci\u00f3n Ciudadana, entre ellas el asamble\u00edsta Xavier Lasso (RC) se atribuy\u00f3 al triunfo a su organizaci\u00f3n pol\u00edtica y a Luissa Gonz\u00e1lez y adem\u00e1s otra cara visible fue la de Mauro Andino quien fue tendencia tras ir a un debate radial con el abogado Santiago Becdach. As\u00ed mismo, tras conocerse los resultados, Luisa Gonz\u00e1lez apareci\u00f3 bailando \u00abfestejando\u00bb el trinfo.<\/p>\n<p>Sin embargo, desde la Conaie rechazaron esta posici\u00f3n e indicaron que el trinfo del \u2018No\u2019 no se dio por el paro focalizado y los movimientos populares.<\/p>\n<p>\u00abEl paro le dio un rotundo \u2018No\u2019 a Daniel Noboa\u00bb, dijo Vargas. \u00abNo s\u00f3lo estuvimos 30 d\u00edas en resistencia sino hasta la camapa\u00f1a por el \u2018No\u2019 aqu\u00ed termina realmente el paro\u00bb, dijo Vargas. (I)<\/p>\n","protected":false},"excerpt":{"rendered":"<p>Tras el trinfo del No, con un promedio del 54% en las cuatro preguntas del refer\u00e9ndum y consulta popular, los l\u00edderes pol\u00edticos mostraron sus divisiones y tanto el corre\u00edsmo como la Confederaci\u00f3n de Nacionalidades Ind\u00edgenas del Ecuador (CONAIE) se atribuyen el trinfo. Luego de que varias caras del movimiento Revoluci\u00f3n Ciudadana, entre ellas el asamble\u00edsta [&hellip;]<\/p>\n","protected":false},"author":1,"featured_media":17263,"comment_status":"open","ping_status":"open","sticky":false,"template":"","format":"standard","meta":{"footnotes":""},"categories":[12],"tags":[],"_links":{"self":[{"href":"https:\/\/infozamoraec.com\/index.php\/wp-json\/wp\/v2\/posts\/17262"}],"collection":[{"href":"https:\/\/infozamoraec.com\/index.php\/wp-json\/wp\/v2\/posts"}],"about":[{"href":"https:\/\/infozamoraec.com\/index.php\/wp-json\/wp\/v2\/types\/post"}],"author":[{"embeddable":true,"href":"https:\/\/infozamoraec.com\/index.php\/wp-json\/wp\/v2\/users\/1"}],"replies":[{"embeddable":true,"href":"https:\/\/infozamoraec.com\/index.php\/wp-json\/wp\/v2\/comments?post=17262"}],"version-history":[{"count":1,"href":"https:\/\/infozamoraec.com\/index.php\/wp-json\/wp\/v2\/posts\/17262\/revisions"}],"predecessor-version":[{"id":17264,"href":"https:\/\/infozamoraec.com\/index.php\/wp-json\/wp\/v2\/posts\/17262\/revisions\/17264"}],"wp:featuredmedia":[{"embeddable":true,"href":"https:\/\/infozamoraec.com\/index.php\/wp-json\/wp\/v2\/media\/17263"}],"wp:attachment":[{"href":"https:\/\/infozamoraec.com\/index.php\/wp-json\/wp\/v2\/media?parent=17262"}],"wp:term":[{"taxonomy":"category","embeddable":true,"href":"https:\/\/infozamoraec.com\/index.php\/wp-json\/wp\/v2\/categories?post=17262"},{"taxonomy":"post_tag","embeddable":true,"href":"https:\/\/infozamoraec.com\/index.php\/wp-json\/wp\/v2\/tags?post=17262"}],"curies":[{"name":"wp","href":"https:\/\/api.w.org\/{rel}","templated":true}]}}