{"id":17259,"date":"2025-11-18T02:13:17","date_gmt":"2025-11-18T02:13:17","guid":{"rendered":"https:\/\/infozamoraec.com\/?p=17259"},"modified":"2025-11-18T02:13:17","modified_gmt":"2025-11-18T02:13:17","slug":"noboa-reconoce-derrota-electoral-los-ecuatorianos-han-hablado","status":"publish","type":"post","link":"https:\/\/infozamoraec.com\/index.php\/2025\/11\/18\/noboa-reconoce-derrota-electoral-los-ecuatorianos-han-hablado\/","title":{"rendered":"Noboa reconoce derrota electoral: \u00abLos ecuatorianos han hablado\u00bb"},"content":{"rendered":"<p>El presidente de Ecuador, Daniel Noboa, acept\u00f3 este domingo la derrota en el refer\u00e9ndum que \u00e9l mismo impuls\u00f3 y con el que buscaba, entre otros objetivos, que los ecuatorianos se pronunciaran sobre la instauraci\u00f3n de una Asamblea Constituyente para elaborar una nueva Constituci\u00f3n, y asegur\u00f3 adem\u00e1s que su compromiso con el pa\u00eds \u00abse fortalece\u00bb.<\/p>\n<p>\u00abEstos son los resultados. Consultamos a los ecuatorianos y ellos han hablado. Cumplimos con lo prometido: preguntarles directamente. Nosotros respetamos la voluntad del pueblo ecuatoriano\u00bb, escribi\u00f3 en su cuenta de la red social X el mandatario, que no sali\u00f3 ante los medios para dirigirse al pa\u00eds como lo ha hecho en anteriores procesos electorales.<\/p>\n<p>\u00abNuestro compromiso no cambia; se fortalece. Seguiremos luchando sin descanso por el pa\u00eds que ustedes merecen, con las herramientas que tenemos\u00bb, a\u00f1adi\u00f3 Noboa, que aguard\u00f3 los resultados cerca de Ol\u00f3n, la comuna de playa donde vot\u00f3 a primera hora de este domingo y en la que tiene su residencia.<\/p>\n<p>Escrutado m\u00e1s del 96 % de los votos, el \u2018No\u2019 venci\u00f3 en las cuatro preguntas planteadas por Noboa, que inclu\u00edan temas pol\u00edticos y de seguridad, como la reinstalaci\u00f3n de bases militares extranjeras.<\/p>\n<p>Los medios de comunicaci\u00f3n esperaban al presidente despu\u00e9s de las 20:00 hora local (1:00 GMT del lunes 16 de noviembre) en un peque\u00f1o sal\u00f3n de un hotel que su equipo reserv\u00f3 en la localidad costera de Monta\u00f1ita, a diferencia de anteriores procesos electorales, cuando, tras los resultados, dirigi\u00f3 sus primeras palabras desde el patio de su casa de Ol\u00f3n.<\/p>\n<p>Sin embargo, su seguridad se retir\u00f3 del hotel alrededor de las 19:00 (00:00 GMT), y despu\u00e9s de las 21:00 (02:00 GMT), cuando el Consejo Nacional Electoral (CNE) asegur\u00f3 que la tendencia era irreversible, se confirm\u00f3 que el mandatario no llegar\u00eda hasta el sitio.<\/p>\n<p>Las sillas y la mesa que hab\u00edan preparado para Noboa y para su familia las terminaron utilizando el presidente de la Asamblea Nacional (Parlamento), Niels Olsen; y las asamble\u00edstas Valentina Centeno y Mishel Mancheno, todos del partido oficialista Acci\u00f3n Democr\u00e1tica Nacional (ADN), quienes aseguraron que el mandatario hab\u00eda \u00abcumplido con su promesa de campa\u00f1a\u00bb de convocar a un refer\u00e9ndum.<\/p>\n<p>\u00abDefinitivamente no es un rev\u00e9s. Esto demuestra que somos un proyecto pol\u00edtico democr\u00e1tico\u00bb, dijo Olsen.<\/p>\n","protected":false},"excerpt":{"rendered":"<p>El presidente de Ecuador, Daniel Noboa, acept\u00f3 este domingo la derrota en el refer\u00e9ndum que \u00e9l mismo impuls\u00f3 y con el que buscaba, entre otros objetivos, que los ecuatorianos se pronunciaran sobre la instauraci\u00f3n de una Asamblea Constituyente para elaborar una nueva Constituci\u00f3n, y asegur\u00f3 adem\u00e1s que su compromiso con el pa\u00eds \u00abse fortalece\u00bb. \u00abEstos [&hellip;]<\/p>\n","protected":false},"author":1,"featured_media":17260,"comment_status":"open","ping_status":"open","sticky":false,"template":"","format":"standard","meta":{"footnotes":""},"categories":[12],"tags":[],"_links":{"self":[{"href":"https:\/\/infozamoraec.com\/index.php\/wp-json\/wp\/v2\/posts\/17259"}],"collection":[{"href":"https:\/\/infozamoraec.com\/index.php\/wp-json\/wp\/v2\/posts"}],"about":[{"href":"https:\/\/infozamoraec.com\/index.php\/wp-json\/wp\/v2\/types\/post"}],"author":[{"embeddable":true,"href":"https:\/\/infozamoraec.com\/index.php\/wp-json\/wp\/v2\/users\/1"}],"replies":[{"embeddable":true,"href":"https:\/\/infozamoraec.com\/index.php\/wp-json\/wp\/v2\/comments?post=17259"}],"version-history":[{"count":1,"href":"https:\/\/infozamoraec.com\/index.php\/wp-json\/wp\/v2\/posts\/17259\/revisions"}],"predecessor-version":[{"id":17261,"href":"https:\/\/infozamoraec.com\/index.php\/wp-json\/wp\/v2\/posts\/17259\/revisions\/17261"}],"wp:featuredmedia":[{"embeddable":true,"href":"https:\/\/infozamoraec.com\/index.php\/wp-json\/wp\/v2\/media\/17260"}],"wp:attachment":[{"href":"https:\/\/infozamoraec.com\/index.php\/wp-json\/wp\/v2\/media?parent=17259"}],"wp:term":[{"taxonomy":"category","embeddable":true,"href":"https:\/\/infozamoraec.com\/index.php\/wp-json\/wp\/v2\/categories?post=17259"},{"taxonomy":"post_tag","embeddable":true,"href":"https:\/\/infozamoraec.com\/index.php\/wp-json\/wp\/v2\/tags?post=17259"}],"curies":[{"name":"wp","href":"https:\/\/api.w.org\/{rel}","templated":true}]}}