{"id":17233,"date":"2025-11-15T01:33:18","date_gmt":"2025-11-15T01:33:18","guid":{"rendered":"https:\/\/infozamoraec.com\/?p=17233"},"modified":"2025-11-15T01:33:18","modified_gmt":"2025-11-15T01:33:18","slug":"tres-fallecidos-y-un-herido-en-siniestro-de-transito-en-la-via-ibarra-san-lorenzo","status":"publish","type":"post","link":"https:\/\/infozamoraec.com\/index.php\/2025\/11\/15\/tres-fallecidos-y-un-herido-en-siniestro-de-transito-en-la-via-ibarra-san-lorenzo\/","title":{"rendered":"Tres fallecidos y un herido en siniestro de tr\u00e1nsito en la v\u00eda Ibarra &#8211; San Lorenzo"},"content":{"rendered":"<p>Un veh\u00edculo que transitaba a las 12:18 de este viernes 14 de noviembre por la v\u00eda Ibarra &#8211; San Lorenzo, a la altura de El Guadual, perdi\u00f3 pista y se volc\u00f3. El siniestro de tr\u00e1nsito, seg\u00fan el informe del Cuerpo de Bomberos de Ibarra, se present\u00f3 en la falla geol\u00f3gica o derrumbe de esta carretera conocida como E 10, en el km 114. En el automotor viajaban cuatro personas, que tras el fuerte impacto fueron expulsadas.<\/p>\n<p>Moradores del sector reportaron el hecho al ECU911, que dispuso personal operativo del Cuerpo de Bomberos de Ibarra de las estaciones San Ger\u00f3nimo (la m\u00e1s cercana), Santo Domingo y Yahuarcocha, que se trasladaron inmediatamente hasta el sector.<\/p>\n<p>Dos ambulancias y dos unidades de rescate procedieron a atender la emergencia. Efectivos de la Casaca Roja descendieron hasta el punto del accidente.<\/p>\n<p>All\u00ed, constataron que tres personas se encontraban sin vida, mientras que una cuarta v\u00edctima fue hallada con signos vitales. Con base en maniobras de rescate realizaron la extracci\u00f3n de la persona herida, en medio de un terreno de dif\u00edcil penetraci\u00f3n y acceso. Paralelamente un segundo equipo de rescatistas contin\u00faa recuperando los tres cad\u00e1veres.<\/p>\n<p>La persona que fue hallada con vida luego del rescate recibi\u00f3 los primeros auxilios y en una de las ambulancias fue trasladada a un centro de salud, donde recibir\u00e1 atenci\u00f3n especializada, indicaron los socorristas.<\/p>\n<p>Hasta despu\u00e9s de las 16:30, personal continuaba efectuando las labores de recuperaci\u00f3n de los cuerpos. Se desconoce la identidad de las v\u00edctimas, debido a que a\u00fan contin\u00faan las tareas de rescate, en el sector hay una pendiente sobre una superficie de rocas, que desemboca en un r\u00edo.<\/p>\n","protected":false},"excerpt":{"rendered":"<p>Un veh\u00edculo que transitaba a las 12:18 de este viernes 14 de noviembre por la v\u00eda Ibarra &#8211; San Lorenzo, a la altura de El Guadual, perdi\u00f3 pista y se volc\u00f3. El siniestro de tr\u00e1nsito, seg\u00fan el informe del Cuerpo de Bomberos de Ibarra, se present\u00f3 en la falla geol\u00f3gica o derrumbe de esta carretera [&hellip;]<\/p>\n","protected":false},"author":1,"featured_media":17234,"comment_status":"open","ping_status":"open","sticky":false,"template":"","format":"standard","meta":{"footnotes":""},"categories":[12],"tags":[],"_links":{"self":[{"href":"https:\/\/infozamoraec.com\/index.php\/wp-json\/wp\/v2\/posts\/17233"}],"collection":[{"href":"https:\/\/infozamoraec.com\/index.php\/wp-json\/wp\/v2\/posts"}],"about":[{"href":"https:\/\/infozamoraec.com\/index.php\/wp-json\/wp\/v2\/types\/post"}],"author":[{"embeddable":true,"href":"https:\/\/infozamoraec.com\/index.php\/wp-json\/wp\/v2\/users\/1"}],"replies":[{"embeddable":true,"href":"https:\/\/infozamoraec.com\/index.php\/wp-json\/wp\/v2\/comments?post=17233"}],"version-history":[{"count":1,"href":"https:\/\/infozamoraec.com\/index.php\/wp-json\/wp\/v2\/posts\/17233\/revisions"}],"predecessor-version":[{"id":17235,"href":"https:\/\/infozamoraec.com\/index.php\/wp-json\/wp\/v2\/posts\/17233\/revisions\/17235"}],"wp:featuredmedia":[{"embeddable":true,"href":"https:\/\/infozamoraec.com\/index.php\/wp-json\/wp\/v2\/media\/17234"}],"wp:attachment":[{"href":"https:\/\/infozamoraec.com\/index.php\/wp-json\/wp\/v2\/media?parent=17233"}],"wp:term":[{"taxonomy":"category","embeddable":true,"href":"https:\/\/infozamoraec.com\/index.php\/wp-json\/wp\/v2\/categories?post=17233"},{"taxonomy":"post_tag","embeddable":true,"href":"https:\/\/infozamoraec.com\/index.php\/wp-json\/wp\/v2\/tags?post=17233"}],"curies":[{"name":"wp","href":"https:\/\/api.w.org\/{rel}","templated":true}]}}