{"id":17199,"date":"2025-11-14T01:55:21","date_gmt":"2025-11-14T01:55:21","guid":{"rendered":"https:\/\/infozamoraec.com\/?p=17199"},"modified":"2025-11-14T01:55:21","modified_gmt":"2025-11-14T01:55:21","slug":"capital-de-ucrania-bajo-ataque-masivo-dice-su-alcalde","status":"publish","type":"post","link":"https:\/\/infozamoraec.com\/index.php\/2025\/11\/14\/capital-de-ucrania-bajo-ataque-masivo-dice-su-alcalde\/","title":{"rendered":"Capital de Ucrania bajo ataque \u00abmasivo\u00bb, dice su alcalde"},"content":{"rendered":"<p>Las fuerzas rusas lanzaron un ataque masivo con drones y misiles contra Kiev la madrugada del viernes (14.11.2025), seg\u00fan informaron las autoridades. El ataque impact\u00f3 edificios y provoc\u00f3 explosiones e incendios.<\/p>\n<p>El alcalde de Kiev, Vitali Klitschko, declar\u00f3 que dos personas resultaron heridas.<\/p>\n<p>\u00abLas defensas antia\u00e9reas est\u00e1n activas en Kiev\u00bb, escribi\u00f3 Klitschko en Telegram. \u00abEl enemigo est\u00e1 lanzando un ataque masivo contra la capital. Permanezcan en los refugios\u00bb.<\/p>\n<p>Klitschko indic\u00f3 que la ca\u00edda de escombros impact\u00f3 un edificio de apartamentos de cinco pisos en el distrito de Dniprovskyi, en la orilla este del r\u00edo Dni\u00e9per, y que un edificio de gran altura se incendi\u00f3 en el distrito de Podil, en la orilla opuesta.<\/p>\n<p>Mientras que se reportaron varias solicitudes de asistencia m\u00e9dica en los distritos Desnyansky y Shevchenkivsky, seg\u00fan inform\u00f3 Klitschko.<\/p>\n<p>Se produjo un incendio en el techo de un edificio de apartamentos en otro distrito y escombros cayeron sobre una escuela en el este de la ciudad.<\/p>\n<p>Periodistas de la AFP vieron balas trazadoras utilizadas contra drones y varios sistemas antimisiles desplegados.<\/p>\n<p>Otro incendio se produjo en un edificio residencial en el distrito Podilsky.<\/p>\n<p>Tymur Tkachenko, jefe de la administraci\u00f3n militar de Kiev, afirm\u00f3 que se hab\u00edan desplegado drones y misiles en la capital.<\/p>\n<p>Tkachenko y Klitschko solicitaron el env\u00edo de equipos de emergencia a varios barrios de la ciudad.<\/p>\n<p>La Fuerza A\u00e9rea de Ucrania inform\u00f3 que misiles rusos estaban atacando Kiev y otras regiones.<\/p>\n<p>jc (reuters, afp)<\/p>\n","protected":false},"excerpt":{"rendered":"<p>Las fuerzas rusas lanzaron un ataque masivo con drones y misiles contra Kiev la madrugada del viernes (14.11.2025), seg\u00fan informaron las autoridades. El ataque impact\u00f3 edificios y provoc\u00f3 explosiones e incendios. El alcalde de Kiev, Vitali Klitschko, declar\u00f3 que dos personas resultaron heridas. \u00abLas defensas antia\u00e9reas est\u00e1n activas en Kiev\u00bb, escribi\u00f3 Klitschko en Telegram. \u00abEl [&hellip;]<\/p>\n","protected":false},"author":1,"featured_media":17200,"comment_status":"open","ping_status":"open","sticky":false,"template":"","format":"standard","meta":{"footnotes":""},"categories":[8],"tags":[],"_links":{"self":[{"href":"https:\/\/infozamoraec.com\/index.php\/wp-json\/wp\/v2\/posts\/17199"}],"collection":[{"href":"https:\/\/infozamoraec.com\/index.php\/wp-json\/wp\/v2\/posts"}],"about":[{"href":"https:\/\/infozamoraec.com\/index.php\/wp-json\/wp\/v2\/types\/post"}],"author":[{"embeddable":true,"href":"https:\/\/infozamoraec.com\/index.php\/wp-json\/wp\/v2\/users\/1"}],"replies":[{"embeddable":true,"href":"https:\/\/infozamoraec.com\/index.php\/wp-json\/wp\/v2\/comments?post=17199"}],"version-history":[{"count":1,"href":"https:\/\/infozamoraec.com\/index.php\/wp-json\/wp\/v2\/posts\/17199\/revisions"}],"predecessor-version":[{"id":17201,"href":"https:\/\/infozamoraec.com\/index.php\/wp-json\/wp\/v2\/posts\/17199\/revisions\/17201"}],"wp:featuredmedia":[{"embeddable":true,"href":"https:\/\/infozamoraec.com\/index.php\/wp-json\/wp\/v2\/media\/17200"}],"wp:attachment":[{"href":"https:\/\/infozamoraec.com\/index.php\/wp-json\/wp\/v2\/media?parent=17199"}],"wp:term":[{"taxonomy":"category","embeddable":true,"href":"https:\/\/infozamoraec.com\/index.php\/wp-json\/wp\/v2\/categories?post=17199"},{"taxonomy":"post_tag","embeddable":true,"href":"https:\/\/infozamoraec.com\/index.php\/wp-json\/wp\/v2\/tags?post=17199"}],"curies":[{"name":"wp","href":"https:\/\/api.w.org\/{rel}","templated":true}]}}