{"id":17195,"date":"2025-11-14T01:52:55","date_gmt":"2025-11-14T01:52:55","guid":{"rendered":"https:\/\/infozamoraec.com\/?p=17195"},"modified":"2025-11-14T01:52:55","modified_gmt":"2025-11-14T01:52:55","slug":"ee-uu-anuncia-acuerdos-comerciales-con-cuatro-paises","status":"publish","type":"post","link":"https:\/\/infozamoraec.com\/index.php\/2025\/11\/14\/ee-uu-anuncia-acuerdos-comerciales-con-cuatro-paises\/","title":{"rendered":"EE.UU. anuncia acuerdos comerciales con cuatro pa\u00edses"},"content":{"rendered":"<p>La Casa Blanca anunci\u00f3 este jueves (13.11.2025) que Estados Unidos cerr\u00f3 acuerdos comerciales con Argentina, Ecuador, El Salvador y Guatemala, la m\u00e1s reciente serie de pactos alcanzados desde que el presidente Donald Trump lanz\u00f3 su guerra de aranceles.<\/p>\n<p>Los cuatro pa\u00edses aceptaron abrir sus mercados a productos estadounidenses a cambio de una reducci\u00f3n de los aranceles sobre sus exportaciones a Estados Unidos, entre ellas las agr\u00edcolas, indic\u00f3 la Casa Blanca en cuatro comunicados separados que public\u00f3 en su p\u00e1gina web.<\/p>\n<p>En consecuencia, los precios de productos como las bananas y el caf\u00e9 en el mercado estadounidense podr\u00edan bajar, en medio del descontento de los consumidores por el aumento del coste de la vida en la segunda presidencia de Trump.<\/p>\n<p>\u00abCreemos que estos acuerdos ayudar\u00e1n a alcanzar un comercio equilibrado, la reciprocidad y reducir los d\u00e9ficit de larga data\u00bb, dijo un alto funcionario estadounidense a periodistas.<\/p>\n<p>\u00abNuestra expectativa es que habr\u00e1 algunos efectos positivos en los precios, en productos como caf\u00e9, cacao, bananas\u00bb.<\/p>\n<p>\u00abHabr\u00e1 una reducci\u00f3n\u00bb a aranceles<br \/>\nEl funcionario indic\u00f3 que los aranceles generales del 10% impuestos a los productos provenientes de Guatemala, El Salvador y Argentina, y del 15% a los provenientes de Ecuador, \u00abpermanecer\u00e1n sin cambios\u00bb, pero que \u00abhabr\u00e1 una reducci\u00f3n\u00bb en un cierto n\u00famero de mercanc\u00edas.<\/p>\n<p>En los \u00faltimos meses, Trump impuso aranceles adicionales del 10% o 15% a pa\u00edses latinoamericanos, como parte de la nueva pol\u00edtica comercial de Estados Unidos.<\/p>\n<p>Poco despu\u00e9s del anuncio, el canciller argentino, Pablo Quirno, indic\u00f3 en X que el acuerdo \u00abcrea las condiciones para aumentar las inversiones de Estados Unidos en Argentina e incluye reducci\u00f3n de tarifas para industrias claves aumentando el comercio bilateral entre ambos pa\u00edses\u00bb.<\/p>\n<p>El pacto \u00abrefuerza y ampl\u00eda nuestra relaci\u00f3n econ\u00f3mica de larga data\u00bb, indic\u00f3 un comunicado conjunto de El Salvador y Washington, publicado tambi\u00e9n por el presidente salvadore\u00f1o, Nayib Bukele, en X junto a la palabra \u00abamigos\u00bb.<\/p>\n<p>\u00abDespu\u00e9s de meses de intenso trabajo y di\u00e1logo franco con el gobierno de los Estados Unidos, nos convertimos en uno de los primeros pa\u00edses del mundo en alcanzar un acuerdo para reducir y eliminar aranceles\u00bb, celebr\u00f3 a su vez el presidente de Guatemala, Bernardo Ar\u00e9valo.<\/p>\n<p>mg (afp, efe)<\/p>\n","protected":false},"excerpt":{"rendered":"<p>La Casa Blanca anunci\u00f3 este jueves (13.11.2025) que Estados Unidos cerr\u00f3 acuerdos comerciales con Argentina, Ecuador, El Salvador y Guatemala, la m\u00e1s reciente serie de pactos alcanzados desde que el presidente Donald Trump lanz\u00f3 su guerra de aranceles. Los cuatro pa\u00edses aceptaron abrir sus mercados a productos estadounidenses a cambio de una reducci\u00f3n de los [&hellip;]<\/p>\n","protected":false},"author":1,"featured_media":17197,"comment_status":"open","ping_status":"open","sticky":false,"template":"","format":"standard","meta":{"footnotes":""},"categories":[8],"tags":[],"_links":{"self":[{"href":"https:\/\/infozamoraec.com\/index.php\/wp-json\/wp\/v2\/posts\/17195"}],"collection":[{"href":"https:\/\/infozamoraec.com\/index.php\/wp-json\/wp\/v2\/posts"}],"about":[{"href":"https:\/\/infozamoraec.com\/index.php\/wp-json\/wp\/v2\/types\/post"}],"author":[{"embeddable":true,"href":"https:\/\/infozamoraec.com\/index.php\/wp-json\/wp\/v2\/users\/1"}],"replies":[{"embeddable":true,"href":"https:\/\/infozamoraec.com\/index.php\/wp-json\/wp\/v2\/comments?post=17195"}],"version-history":[{"count":1,"href":"https:\/\/infozamoraec.com\/index.php\/wp-json\/wp\/v2\/posts\/17195\/revisions"}],"predecessor-version":[{"id":17198,"href":"https:\/\/infozamoraec.com\/index.php\/wp-json\/wp\/v2\/posts\/17195\/revisions\/17198"}],"wp:featuredmedia":[{"embeddable":true,"href":"https:\/\/infozamoraec.com\/index.php\/wp-json\/wp\/v2\/media\/17197"}],"wp:attachment":[{"href":"https:\/\/infozamoraec.com\/index.php\/wp-json\/wp\/v2\/media?parent=17195"}],"wp:term":[{"taxonomy":"category","embeddable":true,"href":"https:\/\/infozamoraec.com\/index.php\/wp-json\/wp\/v2\/categories?post=17195"},{"taxonomy":"post_tag","embeddable":true,"href":"https:\/\/infozamoraec.com\/index.php\/wp-json\/wp\/v2\/tags?post=17195"}],"curies":[{"name":"wp","href":"https:\/\/api.w.org\/{rel}","templated":true}]}}