{"id":17186,"date":"2025-11-14T01:23:44","date_gmt":"2025-11-14T01:23:44","guid":{"rendered":"https:\/\/infozamoraec.com\/?p=17186"},"modified":"2025-11-14T01:23:44","modified_gmt":"2025-11-14T01:23:44","slug":"ffaa-destruye-21-200-armas-y-municiones-incautadas-a-grupos-criminales-en-ultimos-meses","status":"publish","type":"post","link":"https:\/\/infozamoraec.com\/index.php\/2025\/11\/14\/ffaa-destruye-21-200-armas-y-municiones-incautadas-a-grupos-criminales-en-ultimos-meses\/","title":{"rendered":"FFAA destruye 21.200 armas y municiones incautadas a grupos criminales en \u00faltimos meses"},"content":{"rendered":"<p>Las Fuerzas Armadas de Ecuador destruyeron este jueves 21.200 armas, municiones y accesorios incautados en su mayor\u00eda a grupos criminales durante operativos especiales realizados en el transcurso del segundo semestre de 2025, en el marco del \u00abconflicto armado interno\u00ab declarado por el presidente Daniel Noboa en enero de 2024.<\/p>\n<p>La operaci\u00f3n se llev\u00f3 a cabo en los hornos de una empresa de acero ubicada en el sur de la ciudad de Guayaquil, la m\u00e1s poblada del pa\u00eds y epicentro de la violencia criminal, donde se destruyeron 1.642 armas de fuego letales, 117 armas no letales, 18.602 municiones letales, 429 municiones no letales y 410 accesorios.<\/p>\n<p>El contralmirante Marco Rocafuerte, director de Log\u00edstica del Comando Conjunto de las Fuerzas Armadas, explic\u00f3 a medios locales que el 70 % de las armas fueron decomisadas en operativos conjuntos de las fuerzas militares y policiales a grupos criminales como Los Choneros, los Chone Killers, o Los Lobos. El resto eran de personas que no ten\u00edan los permisos correspondientes.<\/p>\n<p>Si bien reformas legales establecidas tras el refer\u00e9ndum de 2024 permiten a las fuerzas de seguridad equiparse con el armamento incautado a las bandas criminales, estas unidades han sido desestimadas por considerarse que no eran \u00fatiles para la formaci\u00f3n policial ni militar.<\/p>\n<p>Conflicto armado interno<br \/>\n\u00abAquellas armas que cumplen ciertas caracter\u00edsticas que puedan ser usadas por Fuerzas Armadas o la Polic\u00eda pasan un proceso de registro en activos fijos, de pruebas. Posteriormente, el Comando Conjunto las distribuye a los equipos especiales en donde haya la necesidad de usar esas armas. El resto son destruidas\u00bb, se\u00f1al\u00f3 Rocafuerte.<\/p>\n<p>Las armas y municiones fundidas este jueves superan a las m\u00e1s de 6.800 que se destruyeron en el primer semestre de 2025.<\/p>\n<p>Los grupos armados a los que se les decomis\u00f3 estas armas pasaron a ser denominados como \u00abterroristas\u00bb en el marco del \u00abconflicto armado interno\u00bb declarado por Noboa en 2024 para intensificar la lucha contra el crimen organizado y bajar los niveles de violencia que han llevado al pa\u00eds a situarse a la cabeza del \u00edndice de homicidios en la regi\u00f3n.<\/p>\n<p>A pesar de ello, el primer semestre de 2025 fue el m\u00e1s violento de la historia del pa\u00eds, al registrar 4.619 homicidios, un 47 % m\u00e1s que el mismo periodo de 2024, cuando se contabilizaron 3.143. EFE<\/p>\n","protected":false},"excerpt":{"rendered":"<p>Las Fuerzas Armadas de Ecuador destruyeron este jueves 21.200 armas, municiones y accesorios incautados en su mayor\u00eda a grupos criminales durante operativos especiales realizados en el transcurso del segundo semestre de 2025, en el marco del \u00abconflicto armado interno\u00ab declarado por el presidente Daniel Noboa en enero de 2024. La operaci\u00f3n se llev\u00f3 a cabo [&hellip;]<\/p>\n","protected":false},"author":1,"featured_media":17187,"comment_status":"open","ping_status":"open","sticky":false,"template":"","format":"standard","meta":{"footnotes":""},"categories":[12],"tags":[],"_links":{"self":[{"href":"https:\/\/infozamoraec.com\/index.php\/wp-json\/wp\/v2\/posts\/17186"}],"collection":[{"href":"https:\/\/infozamoraec.com\/index.php\/wp-json\/wp\/v2\/posts"}],"about":[{"href":"https:\/\/infozamoraec.com\/index.php\/wp-json\/wp\/v2\/types\/post"}],"author":[{"embeddable":true,"href":"https:\/\/infozamoraec.com\/index.php\/wp-json\/wp\/v2\/users\/1"}],"replies":[{"embeddable":true,"href":"https:\/\/infozamoraec.com\/index.php\/wp-json\/wp\/v2\/comments?post=17186"}],"version-history":[{"count":1,"href":"https:\/\/infozamoraec.com\/index.php\/wp-json\/wp\/v2\/posts\/17186\/revisions"}],"predecessor-version":[{"id":17188,"href":"https:\/\/infozamoraec.com\/index.php\/wp-json\/wp\/v2\/posts\/17186\/revisions\/17188"}],"wp:featuredmedia":[{"embeddable":true,"href":"https:\/\/infozamoraec.com\/index.php\/wp-json\/wp\/v2\/media\/17187"}],"wp:attachment":[{"href":"https:\/\/infozamoraec.com\/index.php\/wp-json\/wp\/v2\/media?parent=17186"}],"wp:term":[{"taxonomy":"category","embeddable":true,"href":"https:\/\/infozamoraec.com\/index.php\/wp-json\/wp\/v2\/categories?post=17186"},{"taxonomy":"post_tag","embeddable":true,"href":"https:\/\/infozamoraec.com\/index.php\/wp-json\/wp\/v2\/tags?post=17186"}],"curies":[{"name":"wp","href":"https:\/\/api.w.org\/{rel}","templated":true}]}}