{"id":17183,"date":"2025-11-14T01:09:07","date_gmt":"2025-11-14T01:09:07","guid":{"rendered":"https:\/\/infozamoraec.com\/?p=17183"},"modified":"2025-11-14T01:09:07","modified_gmt":"2025-11-14T01:09:07","slug":"gobierno-de-ecuador-y-fundacion-real-madrid-firman-convenio-para-impulsar-formacion-deportiva-y-en-valores","status":"publish","type":"post","link":"https:\/\/infozamoraec.com\/index.php\/2025\/11\/14\/gobierno-de-ecuador-y-fundacion-real-madrid-firman-convenio-para-impulsar-formacion-deportiva-y-en-valores\/","title":{"rendered":"Gobierno de Ecuador y Fundaci\u00f3n Real Madrid firman convenio para impulsar formaci\u00f3n deportiva y en valores"},"content":{"rendered":"<p data-start=\"112\" data-end=\"497\">El Gobierno Nacional y la Fundaci\u00f3n Real Madrid formalizaron un convenio de colaboraci\u00f3n dirigido a fortalecer la formaci\u00f3n deportiva y en valores de ni\u00f1os y j\u00f3venes en Ecuador. El acuerdo, con una duraci\u00f3n de cuatro a\u00f1os, incluye la capacitaci\u00f3n de entrenadores de escuelas comunitarias, especialmente en zonas vinculadas a proyectos de generaci\u00f3n y transmisi\u00f3n el\u00e9ctrica de CELEC EP.<\/p>\n<p data-start=\"499\" data-end=\"894\">La iniciativa beneficiar\u00e1 a m\u00e1s de 70.000 personas a escala nacional y contempla la formaci\u00f3n de 350 instructores que integran el programa gubernamental \u201cVamos a la Cancha\u201d. Los contenidos abarcar\u00e1n valores deportivos, prevenci\u00f3n de la violencia, desarrollo emocional y social, adem\u00e1s de inclusi\u00f3n de personas con discapacidad. La modalidad de capacitaci\u00f3n ser\u00e1 sincr\u00f3nica, virtual y presencial.<\/p>\n<p data-start=\"896\" data-end=\"1182\">La firma del convenio cont\u00f3 con la participaci\u00f3n del viceministro del Deporte, Jos\u00e9 David Jim\u00e9nez, en representaci\u00f3n del Gobierno Nacional. Seg\u00fan se\u00f1al\u00f3, el acuerdo permitir\u00e1 fortalecer el trabajo de los instructores que acompa\u00f1an diariamente a ni\u00f1os y j\u00f3venes en espacios comunitarios.<\/p>\n<p data-start=\"1184\" data-end=\"1562\">Desde el Ministerio de Ambiente y Energ\u00eda, la ministra In\u00e9s Manzano destac\u00f3 que esta cooperaci\u00f3n forma parte de los programas de compensaci\u00f3n social del sector estrat\u00e9gico, orientados a ampliar oportunidades para la poblaci\u00f3n juvenil. Mencion\u00f3 que el deporte, y particularmente el f\u00fatbol, constituye una herramienta que inspira y proyecta nuevas aspiraciones en las comunidades.<\/p>\n<p data-start=\"1564\" data-end=\"1841\">Por su parte, la ministra de Educaci\u00f3n, Deporte y Cultura (MINEDEC), Alegr\u00eda Crespo, subray\u00f3 que la pr\u00e1ctica deportiva contribuye a prevenir el reclutamiento de ni\u00f1os, ni\u00f1as y adolescentes, al permitirles desarrollar autoestima, valores y proyectos de vida en entornos seguros.<\/p>\n<p data-start=\"1843\" data-end=\"2296\" data-is-last-node=\"\" data-is-only-node=\"\">El convenio tambi\u00e9n respalda el trabajo del Comit\u00e9 para la Prevenci\u00f3n y Erradicaci\u00f3n del Reclutamiento, Uso y Utilizaci\u00f3n de Ni\u00f1as, Ni\u00f1os y Adolescentes (COPRUNNA), consolidando el compromiso del Estado ecuatoriano con la protecci\u00f3n y el bienestar de las futuras generaciones. La cooperaci\u00f3n con la Fundaci\u00f3n Real Madrid se enmarca en la estrategia gubernamental para fomentar el deporte como herramienta de integraci\u00f3n, desarrollo y formaci\u00f3n integral.<\/p>\n","protected":false},"excerpt":{"rendered":"<p>El Gobierno Nacional y la Fundaci\u00f3n Real Madrid formalizaron un convenio de colaboraci\u00f3n dirigido a fortalecer la formaci\u00f3n deportiva y en valores de ni\u00f1os y j\u00f3venes en Ecuador. El acuerdo, con una duraci\u00f3n de cuatro a\u00f1os, incluye la capacitaci\u00f3n de entrenadores de escuelas comunitarias, especialmente en zonas vinculadas a proyectos de generaci\u00f3n y transmisi\u00f3n el\u00e9ctrica [&hellip;]<\/p>\n","protected":false},"author":1,"featured_media":17184,"comment_status":"open","ping_status":"open","sticky":false,"template":"","format":"standard","meta":{"footnotes":""},"categories":[12],"tags":[],"_links":{"self":[{"href":"https:\/\/infozamoraec.com\/index.php\/wp-json\/wp\/v2\/posts\/17183"}],"collection":[{"href":"https:\/\/infozamoraec.com\/index.php\/wp-json\/wp\/v2\/posts"}],"about":[{"href":"https:\/\/infozamoraec.com\/index.php\/wp-json\/wp\/v2\/types\/post"}],"author":[{"embeddable":true,"href":"https:\/\/infozamoraec.com\/index.php\/wp-json\/wp\/v2\/users\/1"}],"replies":[{"embeddable":true,"href":"https:\/\/infozamoraec.com\/index.php\/wp-json\/wp\/v2\/comments?post=17183"}],"version-history":[{"count":1,"href":"https:\/\/infozamoraec.com\/index.php\/wp-json\/wp\/v2\/posts\/17183\/revisions"}],"predecessor-version":[{"id":17185,"href":"https:\/\/infozamoraec.com\/index.php\/wp-json\/wp\/v2\/posts\/17183\/revisions\/17185"}],"wp:featuredmedia":[{"embeddable":true,"href":"https:\/\/infozamoraec.com\/index.php\/wp-json\/wp\/v2\/media\/17184"}],"wp:attachment":[{"href":"https:\/\/infozamoraec.com\/index.php\/wp-json\/wp\/v2\/media?parent=17183"}],"wp:term":[{"taxonomy":"category","embeddable":true,"href":"https:\/\/infozamoraec.com\/index.php\/wp-json\/wp\/v2\/categories?post=17183"},{"taxonomy":"post_tag","embeddable":true,"href":"https:\/\/infozamoraec.com\/index.php\/wp-json\/wp\/v2\/tags?post=17183"}],"curies":[{"name":"wp","href":"https:\/\/api.w.org\/{rel}","templated":true}]}}